{"id":3767,"date":"2022-07-12T21:53:00","date_gmt":"2022-07-12T21:53:00","guid":{"rendered":"https:\/\/patternmexico.wpenginepowered.com\/50o-desfile-anual-de-los-dias-de-los-pioneros-de-clovis\/"},"modified":"2026-02-19T10:32:54","modified_gmt":"2026-02-19T10:32:54","slug":"50o-desfile-anual-de-los-dias-de-los-pioneros-de-clovis","status":"publish","type":"post","link":"https:\/\/patternenergynewmexico.com\/es\/50o-desfile-anual-de-los-dias-de-los-pioneros-de-clovis\/","title":{"rendered":"50\u00ba Desfile Anual de los D\u00edas de los Pioneros de Clovis"},"content":{"rendered":"<div id=\"attachment_6635\" style=\"width: 1210px\" class=\"wp-caption aligncenter\"><img loading=\"lazy\" decoding=\"async\" aria-describedby=\"caption-attachment-6635\" class=\"size-full wp-image-6635\" src=\"https:\/\/patternenergy.com\/wp-content\/uploads\/2022\/09\/Marching-Band2.jpg\" alt=\"\" width=\"1200\" height=\"900\"><p id=\"caption-attachment-6635\" class=\"wp-caption-text\"><strong>Clovis High School Wildcat Marching Band (\u00a1son la banda sonora del v\u00eddeo!)<\/strong><\/p><\/div>\n<p>&nbsp;<\/p>\n<blockquote><p><strong>&#8230;le pregunt\u00e9 a la ni\u00f1a que esperaba para hablar conmigo: \u00ab\u00bfQu\u00e9 te gusta del desfile? \u00bfTe hace ilusi\u00f3n?\u00bb.<\/strong><br \/>\n<strong>Empez\u00f3 a asentir r\u00e1pidamente con la cabeza y grit\u00f3 (probablemente para asegurarse de que la o\u00eda): \u00ab\u00a1ME GUSTA CUANDO LANZAN CARAMELOS!\u00bb. Me re\u00ed con ella y le dije que s\u00ed, que a m\u00ed tambi\u00e9n me gusta cuando tiran caramelos durante el desfile.<\/strong><\/p><\/blockquote>\n<p>&nbsp;<\/p>\n<p>La 50\u00aa celebraci\u00f3n anual de los D\u00edas de los Pioneros tuvo lugar en junio en Clovis, Nuevo M\u00e9xico, y toda la comunidad se volc\u00f3 para celebrar el regreso del desfile de los D\u00edas de los Pioneros al centro de la ciudad.<\/p>\n<p>Como muchos han se\u00f1alado, el 50 aniversario de las Jornadas de los Pioneros se retras\u00f3 dos a\u00f1os debido a la pandemia, pero con la reapertura del mundo, Clovis tir\u00f3 la casa por la ventana y organiz\u00f3 un festival de tres d\u00edas que se apoder\u00f3 de la ciudad.<\/p>\n<p>&nbsp;<\/p>\n<p><iframe title=\"Clovis Pioneer Days Parade\" src=\"https:\/\/player.vimeo.com\/video\/729282612?dnt=1&amp;app_id=122963\" width=\"500\" height=\"281\" frameborder=\"0\" allow=\"autoplay; fullscreen; picture-in-picture; clipboard-write; encrypted-media; web-share\" referrerpolicy=\"strict-origin-when-cross-origin\"><\/iframe><\/p>\n<p>&nbsp;<\/p>\n<p>\u00abEstamos encantados de que por fin vuelvan los D\u00edas del Pionero y a\u00fan m\u00e1s de dar la bienvenida al mundo a Clovis\u00bb, declar\u00f3 Ernie Kos, Director Ejecutivo de la C\u00e1mara de Comercio. \u00abPuede que hayamos tenido que esperar dos a\u00f1os, pero tenemos el Rodeo Pioneer Days en pleno apogeo en el Centro de Eventos, tuvimos un desayuno comunitario presentando a nuestra Realeza del Rodeo, y ahora podemos disfrutar de un gran desfile hoy\u00bb.<\/p>\n<p>&nbsp;<\/p>\n<p><img loading=\"lazy\" decoding=\"async\" class=\"aligncenter size-full wp-image-6636\" src=\"https:\/\/patternenergy.com\/wp-content\/uploads\/2022\/09\/ladies-on-horseback.jpg\" alt=\"\" width=\"1200\" height=\"900\"><\/p>\n<p>&nbsp;<\/p>\n<p>El ambiente en el centro era festivo. Las familias empezaron a alinearse a los lados de las calles una o dos horas antes de que comenzara el desfile. Hab\u00eda sillas de jard\u00edn, gente sentada en la parte trasera de los veh\u00edculos, perros y, por supuesto&#8230; ni\u00f1os.<\/p>\n<p>Mientras esperaba a que empezara el desfile, charl\u00e9 con un par de padres que estaban cerca de m\u00ed sobre lo que podr\u00edamos ver en el desfile. Mientras habl\u00e1bamos, me di cuenta de que sus hijos me miraban y parec\u00eda que ten\u00edan algo importante que decirme. Picado por la curiosidad, le pregunt\u00e9 a la ni\u00f1a que esperaba para hablar conmigo: \u00ab\u00bfQu\u00e9 te gusta del desfile? \u00bfTe hace ilusi\u00f3n?\u00bb.<\/p>\n<p>Empez\u00f3 a asentir r\u00e1pidamente con la cabeza y grit\u00f3 (probablemente para asegurarse de que la o\u00eda): \u00ab\u00a1ME GUSTA CUANDO LANZAN CARAMELOS!\u00bb. Me re\u00ed con ella y le dije que s\u00ed, que a m\u00ed tambi\u00e9n me gusta cuando tiran caramelos durante el desfile. Parec\u00eda satisfecha de que realmente entendiera lo que era importante y se fue corriendo a jugar con su hermano.<\/p>\n<p>&nbsp;<\/p>\n<div id=\"attachment_6637\" style=\"width: 1210px\" class=\"wp-caption aligncenter\"><img loading=\"lazy\" decoding=\"async\" aria-describedby=\"caption-attachment-6637\" class=\"size-full wp-image-6637\" src=\"https:\/\/patternenergy.com\/wp-content\/uploads\/2022\/09\/Classic-Car-Bills-Auto.jpg\" alt=\"\" width=\"1200\" height=\"900\"><p id=\"caption-attachment-6637\" class=\"wp-caption-text\"><strong>Si puede cuidar de esta belleza, probablemente tambi\u00e9n pueda cuidar de la tuya.<\/strong><\/p><\/div>\n<p>&nbsp;<\/p>\n<p>Pronto o\u00edmos a la banda de m\u00fasica Clovis High School Wildcat Marching Band ponerse en marcha y la Air Force Color Guard inici\u00f3 el desfile.<\/p>\n<p>En el desfile participaron l\u00edderes, empresas y m\u00e1s de todo Clovis, y&#8230; hubo caramelos. Como en todo buen desfile, hab\u00eda ni\u00f1os corriendo por las calles para recoger sus premios, y todo el mundo sonre\u00eda.<\/p>\n<p>Puede que los 50 D\u00edas de los Pioneros hayan tenido que esperar dos a\u00f1os para celebrarlos, pero la respuesta de la comunidad ha dejado claro que la espera ha merecido la pena.<\/p>\n<p>&nbsp;<\/p>\n<div id=\"attachment_6638\" style=\"width: 1210px\" class=\"wp-caption aligncenter\"><img loading=\"lazy\" decoding=\"async\" aria-describedby=\"caption-attachment-6638\" class=\"size-full wp-image-6638\" src=\"https:\/\/patternenergy.com\/wp-content\/uploads\/2022\/09\/Marching-band-angled-shot.jpg\" alt=\"\" width=\"1200\" height=\"900\"><p id=\"caption-attachment-6638\" class=\"wp-caption-text\"><strong>Clovis HS Wildcat Marching Band<\/strong><\/p><\/div>\n","protected":false},"excerpt":{"rendered":"<p>La 50\u00aa celebraci\u00f3n anual de los D\u00edas de los Pioneros tuvo lugar en junio en Clovis, Nuevo M\u00e9xico, y toda la comunidad se volc\u00f3 para celebrar el regreso del desfile de los D\u00edas de los Pioneros al centro de la ciudad.<\/p>\n","protected":false},"author":1,"featured_media":5795,"comment_status":"open","ping_status":"open","sticky":false,"template":"","format":"standard","meta":{"_acf_changed":false,"footnotes":""},"categories":[482],"tags":[477],"class_list":["post-3767","post","type-post","status-publish","format-standard","has-post-thumbnail","hentry","category-sin-categorizar","tag-patron-nuevo-mexico"],"acf":[],"yoast_head":"<!-- This site is optimized with the Yoast SEO plugin v27.3 - https:\/\/yoast.com\/product\/yoast-seo-wordpress\/ -->\n<title>50\u00ba Desfile Anual de los D\u00edas de los Pioneros de Clovis - Pattern Energy - New Mexico<\/title>\n<meta name=\"robots\" content=\"index, follow, max-snippet:-1, max-image-preview:large, max-video-preview:-1\" \/>\n<link rel=\"canonical\" href=\"https:\/\/patternenergynewmexico.com\/es\/50o-desfile-anual-de-los-dias-de-los-pioneros-de-clovis\/\" \/>\n<meta property=\"og:locale\" content=\"es_ES\" \/>\n<meta property=\"og:type\" content=\"article\" \/>\n<meta property=\"og:title\" content=\"50\u00ba Desfile Anual de los D\u00edas de los Pioneros de Clovis - Pattern Energy - New Mexico\" \/>\n<meta property=\"og:description\" content=\"La 50\u00aa celebraci\u00f3n anual de los D\u00edas de los Pioneros tuvo lugar en junio en Clovis, Nuevo M\u00e9xico, y toda la comunidad se volc\u00f3 para celebrar el regreso del desfile de los D\u00edas de los Pioneros al centro de la ciudad.\" \/>\n<meta property=\"og:url\" content=\"https:\/\/patternenergynewmexico.com\/es\/50o-desfile-anual-de-los-dias-de-los-pioneros-de-clovis\/\" \/>\n<meta property=\"og:site_name\" content=\"Pattern Energy - New Mexico\" \/>\n<meta property=\"article:publisher\" content=\"https:\/\/www.facebook.com\/PatternNewMexico\/\" \/>\n<meta property=\"article:published_time\" content=\"2022-07-12T21:53:00+00:00\" \/>\n<meta property=\"article:modified_time\" content=\"2026-02-19T10:32:54+00:00\" \/>\n<meta property=\"og:image\" content=\"https:\/\/patternenergynewmexico.com\/wp-content\/uploads\/2025\/09\/Marching-Band2.jpg\" \/>\n\t<meta property=\"og:image:width\" content=\"1200\" \/>\n\t<meta property=\"og:image:height\" content=\"900\" \/>\n\t<meta property=\"og:image:type\" content=\"image\/jpeg\" \/>\n<meta name=\"author\" content=\"patterndev\" \/>\n<meta name=\"twitter:card\" content=\"summary_large_image\" \/>\n<meta name=\"twitter:label1\" content=\"Written by\" \/>\n\t<meta name=\"twitter:data1\" content=\"patterndev\" \/>\n\t<meta name=\"twitter:label2\" content=\"Est. reading time\" \/>\n\t<meta name=\"twitter:data2\" content=\"3 minutos\" \/>\n<script type=\"application\/ld+json\" class=\"yoast-schema-graph\">{\"@context\":\"https:\\\/\\\/schema.org\",\"@graph\":[{\"@type\":\"Article\",\"@id\":\"https:\\\/\\\/patternenergynewmexico.com\\\/es\\\/50o-desfile-anual-de-los-dias-de-los-pioneros-de-clovis\\\/#article\",\"isPartOf\":{\"@id\":\"https:\\\/\\\/patternenergynewmexico.com\\\/es\\\/50o-desfile-anual-de-los-dias-de-los-pioneros-de-clovis\\\/\"},\"author\":{\"name\":\"patterndev\",\"@id\":\"https:\\\/\\\/patternenergynewmexico.com\\\/es\\\/#\\\/schema\\\/person\\\/8991184615feb0f6ae3ef30579e8a048\"},\"headline\":\"50\u00ba Desfile Anual de los D\u00edas de los Pioneros de Clovis\",\"datePublished\":\"2022-07-12T21:53:00+00:00\",\"dateModified\":\"2026-02-19T10:32:54+00:00\",\"mainEntityOfPage\":{\"@id\":\"https:\\\/\\\/patternenergynewmexico.com\\\/es\\\/50o-desfile-anual-de-los-dias-de-los-pioneros-de-clovis\\\/\"},\"wordCount\":599,\"commentCount\":0,\"publisher\":{\"@id\":\"https:\\\/\\\/patternenergynewmexico.com\\\/es\\\/#organization\"},\"image\":{\"@id\":\"https:\\\/\\\/patternenergynewmexico.com\\\/es\\\/50o-desfile-anual-de-los-dias-de-los-pioneros-de-clovis\\\/#primaryimage\"},\"thumbnailUrl\":\"https:\\\/\\\/patternenergynewmexico.com\\\/wp-content\\\/uploads\\\/2025\\\/09\\\/Marching-Band2.jpg\",\"keywords\":[\"Patr\u00f3n Nuevo M\u00e9xico\"],\"articleSection\":[\"Sin categorizar\"],\"inLanguage\":\"es\",\"potentialAction\":[{\"@type\":\"CommentAction\",\"name\":\"Comment\",\"target\":[\"https:\\\/\\\/patternenergynewmexico.com\\\/es\\\/50o-desfile-anual-de-los-dias-de-los-pioneros-de-clovis\\\/#respond\"]}]},{\"@type\":\"WebPage\",\"@id\":\"https:\\\/\\\/patternenergynewmexico.com\\\/es\\\/50o-desfile-anual-de-los-dias-de-los-pioneros-de-clovis\\\/\",\"url\":\"https:\\\/\\\/patternenergynewmexico.com\\\/es\\\/50o-desfile-anual-de-los-dias-de-los-pioneros-de-clovis\\\/\",\"name\":\"50\u00ba Desfile Anual de los D\u00edas de los Pioneros de Clovis - Pattern Energy - New Mexico\",\"isPartOf\":{\"@id\":\"https:\\\/\\\/patternenergynewmexico.com\\\/es\\\/#website\"},\"primaryImageOfPage\":{\"@id\":\"https:\\\/\\\/patternenergynewmexico.com\\\/es\\\/50o-desfile-anual-de-los-dias-de-los-pioneros-de-clovis\\\/#primaryimage\"},\"image\":{\"@id\":\"https:\\\/\\\/patternenergynewmexico.com\\\/es\\\/50o-desfile-anual-de-los-dias-de-los-pioneros-de-clovis\\\/#primaryimage\"},\"thumbnailUrl\":\"https:\\\/\\\/patternenergynewmexico.com\\\/wp-content\\\/uploads\\\/2025\\\/09\\\/Marching-Band2.jpg\",\"datePublished\":\"2022-07-12T21:53:00+00:00\",\"dateModified\":\"2026-02-19T10:32:54+00:00\",\"breadcrumb\":{\"@id\":\"https:\\\/\\\/patternenergynewmexico.com\\\/es\\\/50o-desfile-anual-de-los-dias-de-los-pioneros-de-clovis\\\/#breadcrumb\"},\"inLanguage\":\"es\",\"potentialAction\":[{\"@type\":\"ReadAction\",\"target\":[\"https:\\\/\\\/patternenergynewmexico.com\\\/es\\\/50o-desfile-anual-de-los-dias-de-los-pioneros-de-clovis\\\/\"]}]},{\"@type\":\"ImageObject\",\"inLanguage\":\"es\",\"@id\":\"https:\\\/\\\/patternenergynewmexico.com\\\/es\\\/50o-desfile-anual-de-los-dias-de-los-pioneros-de-clovis\\\/#primaryimage\",\"url\":\"https:\\\/\\\/patternenergynewmexico.com\\\/wp-content\\\/uploads\\\/2025\\\/09\\\/Marching-Band2.jpg\",\"contentUrl\":\"https:\\\/\\\/patternenergynewmexico.com\\\/wp-content\\\/uploads\\\/2025\\\/09\\\/Marching-Band2.jpg\",\"width\":1200,\"height\":900},{\"@type\":\"BreadcrumbList\",\"@id\":\"https:\\\/\\\/patternenergynewmexico.com\\\/es\\\/50o-desfile-anual-de-los-dias-de-los-pioneros-de-clovis\\\/#breadcrumb\",\"itemListElement\":[{\"@type\":\"ListItem\",\"position\":1,\"name\":\"Home\",\"item\":\"https:\\\/\\\/patternenergynewmexico.com\\\/es\\\/\"},{\"@type\":\"ListItem\",\"position\":2,\"name\":\"50\u00ba Desfile Anual de los D\u00edas de los Pioneros de Clovis\"}]},{\"@type\":\"WebSite\",\"@id\":\"https:\\\/\\\/patternenergynewmexico.com\\\/es\\\/#website\",\"url\":\"https:\\\/\\\/patternenergynewmexico.com\\\/es\\\/\",\"name\":\"Pattern Energy - New Mexico\",\"description\":\"An American company committed to New Mexico\",\"publisher\":{\"@id\":\"https:\\\/\\\/patternenergynewmexico.com\\\/es\\\/#organization\"},\"potentialAction\":[{\"@type\":\"SearchAction\",\"target\":{\"@type\":\"EntryPoint\",\"urlTemplate\":\"https:\\\/\\\/patternenergynewmexico.com\\\/es\\\/?s={search_term_string}\"},\"query-input\":{\"@type\":\"PropertyValueSpecification\",\"valueRequired\":true,\"valueName\":\"search_term_string\"}}],\"inLanguage\":\"es\"},{\"@type\":\"Organization\",\"@id\":\"https:\\\/\\\/patternenergynewmexico.com\\\/es\\\/#organization\",\"name\":\"Pattern Energy - New Mexico\",\"url\":\"https:\\\/\\\/patternenergynewmexico.com\\\/es\\\/\",\"logo\":{\"@type\":\"ImageObject\",\"inLanguage\":\"es\",\"@id\":\"https:\\\/\\\/patternenergynewmexico.com\\\/es\\\/#\\\/schema\\\/logo\\\/image\\\/\",\"url\":\"https:\\\/\\\/patternenergynewmexico.com\\\/wp-content\\\/uploads\\\/2025\\\/09\\\/share-nm.jpg\",\"contentUrl\":\"https:\\\/\\\/patternenergynewmexico.com\\\/wp-content\\\/uploads\\\/2025\\\/09\\\/share-nm.jpg\",\"width\":1200,\"height\":627,\"caption\":\"Pattern Energy - New Mexico\"},\"image\":{\"@id\":\"https:\\\/\\\/patternenergynewmexico.com\\\/es\\\/#\\\/schema\\\/logo\\\/image\\\/\"},\"sameAs\":[\"https:\\\/\\\/www.facebook.com\\\/PatternNewMexico\\\/\",\"https:\\\/\\\/www.instagram.com\\\/pattern_newmexico\\\/\",\"https:\\\/\\\/web.cauze.com\\\/company\\\/293\"]},{\"@type\":\"Person\",\"@id\":\"https:\\\/\\\/patternenergynewmexico.com\\\/es\\\/#\\\/schema\\\/person\\\/8991184615feb0f6ae3ef30579e8a048\",\"name\":\"patterndev\",\"image\":{\"@type\":\"ImageObject\",\"inLanguage\":\"es\",\"@id\":\"https:\\\/\\\/secure.gravatar.com\\\/avatar\\\/ef4f52db0d239637fc23bcd8dcb7c975e95b8b16f80c234e9b204c1d35b29c81?s=96&d=mm&r=g\",\"url\":\"https:\\\/\\\/secure.gravatar.com\\\/avatar\\\/ef4f52db0d239637fc23bcd8dcb7c975e95b8b16f80c234e9b204c1d35b29c81?s=96&d=mm&r=g\",\"contentUrl\":\"https:\\\/\\\/secure.gravatar.com\\\/avatar\\\/ef4f52db0d239637fc23bcd8dcb7c975e95b8b16f80c234e9b204c1d35b29c81?s=96&d=mm&r=g\",\"caption\":\"patterndev\"},\"sameAs\":[\"https:\\\/\\\/patternenergynewmexico.com\"],\"url\":\"https:\\\/\\\/patternenergynewmexico.com\\\/es\\\/author\\\/patterndev\\\/\"}]}<\/script>\n<!-- \/ Yoast SEO plugin. -->","yoast_head_json":{"title":"50\u00ba Desfile Anual de los D\u00edas de los Pioneros de Clovis - Pattern Energy - New Mexico","robots":{"index":"index","follow":"follow","max-snippet":"max-snippet:-1","max-image-preview":"max-image-preview:large","max-video-preview":"max-video-preview:-1"},"canonical":"https:\/\/patternenergynewmexico.com\/es\/50o-desfile-anual-de-los-dias-de-los-pioneros-de-clovis\/","og_locale":"es_ES","og_type":"article","og_title":"50\u00ba Desfile Anual de los D\u00edas de los Pioneros de Clovis - Pattern Energy - New Mexico","og_description":"La 50\u00aa celebraci\u00f3n anual de los D\u00edas de los Pioneros tuvo lugar en junio en Clovis, Nuevo M\u00e9xico, y toda la comunidad se volc\u00f3 para celebrar el regreso del desfile de los D\u00edas de los Pioneros al centro de la ciudad.","og_url":"https:\/\/patternenergynewmexico.com\/es\/50o-desfile-anual-de-los-dias-de-los-pioneros-de-clovis\/","og_site_name":"Pattern Energy - New Mexico","article_publisher":"https:\/\/www.facebook.com\/PatternNewMexico\/","article_published_time":"2022-07-12T21:53:00+00:00","article_modified_time":"2026-02-19T10:32:54+00:00","og_image":[{"width":1200,"height":900,"url":"https:\/\/patternenergynewmexico.com\/wp-content\/uploads\/2025\/09\/Marching-Band2.jpg","type":"image\/jpeg"}],"author":"patterndev","twitter_card":"summary_large_image","twitter_misc":{"Written by":"patterndev","Est. reading time":"3 minutos"},"schema":{"@context":"https:\/\/schema.org","@graph":[{"@type":"Article","@id":"https:\/\/patternenergynewmexico.com\/es\/50o-desfile-anual-de-los-dias-de-los-pioneros-de-clovis\/#article","isPartOf":{"@id":"https:\/\/patternenergynewmexico.com\/es\/50o-desfile-anual-de-los-dias-de-los-pioneros-de-clovis\/"},"author":{"name":"patterndev","@id":"https:\/\/patternenergynewmexico.com\/es\/#\/schema\/person\/8991184615feb0f6ae3ef30579e8a048"},"headline":"50\u00ba Desfile Anual de los D\u00edas de los Pioneros de Clovis","datePublished":"2022-07-12T21:53:00+00:00","dateModified":"2026-02-19T10:32:54+00:00","mainEntityOfPage":{"@id":"https:\/\/patternenergynewmexico.com\/es\/50o-desfile-anual-de-los-dias-de-los-pioneros-de-clovis\/"},"wordCount":599,"commentCount":0,"publisher":{"@id":"https:\/\/patternenergynewmexico.com\/es\/#organization"},"image":{"@id":"https:\/\/patternenergynewmexico.com\/es\/50o-desfile-anual-de-los-dias-de-los-pioneros-de-clovis\/#primaryimage"},"thumbnailUrl":"https:\/\/patternenergynewmexico.com\/wp-content\/uploads\/2025\/09\/Marching-Band2.jpg","keywords":["Patr\u00f3n Nuevo M\u00e9xico"],"articleSection":["Sin categorizar"],"inLanguage":"es","potentialAction":[{"@type":"CommentAction","name":"Comment","target":["https:\/\/patternenergynewmexico.com\/es\/50o-desfile-anual-de-los-dias-de-los-pioneros-de-clovis\/#respond"]}]},{"@type":"WebPage","@id":"https:\/\/patternenergynewmexico.com\/es\/50o-desfile-anual-de-los-dias-de-los-pioneros-de-clovis\/","url":"https:\/\/patternenergynewmexico.com\/es\/50o-desfile-anual-de-los-dias-de-los-pioneros-de-clovis\/","name":"50\u00ba Desfile Anual de los D\u00edas de los Pioneros de Clovis - Pattern Energy - New Mexico","isPartOf":{"@id":"https:\/\/patternenergynewmexico.com\/es\/#website"},"primaryImageOfPage":{"@id":"https:\/\/patternenergynewmexico.com\/es\/50o-desfile-anual-de-los-dias-de-los-pioneros-de-clovis\/#primaryimage"},"image":{"@id":"https:\/\/patternenergynewmexico.com\/es\/50o-desfile-anual-de-los-dias-de-los-pioneros-de-clovis\/#primaryimage"},"thumbnailUrl":"https:\/\/patternenergynewmexico.com\/wp-content\/uploads\/2025\/09\/Marching-Band2.jpg","datePublished":"2022-07-12T21:53:00+00:00","dateModified":"2026-02-19T10:32:54+00:00","breadcrumb":{"@id":"https:\/\/patternenergynewmexico.com\/es\/50o-desfile-anual-de-los-dias-de-los-pioneros-de-clovis\/#breadcrumb"},"inLanguage":"es","potentialAction":[{"@type":"ReadAction","target":["https:\/\/patternenergynewmexico.com\/es\/50o-desfile-anual-de-los-dias-de-los-pioneros-de-clovis\/"]}]},{"@type":"ImageObject","inLanguage":"es","@id":"https:\/\/patternenergynewmexico.com\/es\/50o-desfile-anual-de-los-dias-de-los-pioneros-de-clovis\/#primaryimage","url":"https:\/\/patternenergynewmexico.com\/wp-content\/uploads\/2025\/09\/Marching-Band2.jpg","contentUrl":"https:\/\/patternenergynewmexico.com\/wp-content\/uploads\/2025\/09\/Marching-Band2.jpg","width":1200,"height":900},{"@type":"BreadcrumbList","@id":"https:\/\/patternenergynewmexico.com\/es\/50o-desfile-anual-de-los-dias-de-los-pioneros-de-clovis\/#breadcrumb","itemListElement":[{"@type":"ListItem","position":1,"name":"Home","item":"https:\/\/patternenergynewmexico.com\/es\/"},{"@type":"ListItem","position":2,"name":"50\u00ba Desfile Anual de los D\u00edas de los Pioneros de Clovis"}]},{"@type":"WebSite","@id":"https:\/\/patternenergynewmexico.com\/es\/#website","url":"https:\/\/patternenergynewmexico.com\/es\/","name":"Pattern Energy - New Mexico","description":"An American company committed to New Mexico","publisher":{"@id":"https:\/\/patternenergynewmexico.com\/es\/#organization"},"potentialAction":[{"@type":"SearchAction","target":{"@type":"EntryPoint","urlTemplate":"https:\/\/patternenergynewmexico.com\/es\/?s={search_term_string}"},"query-input":{"@type":"PropertyValueSpecification","valueRequired":true,"valueName":"search_term_string"}}],"inLanguage":"es"},{"@type":"Organization","@id":"https:\/\/patternenergynewmexico.com\/es\/#organization","name":"Pattern Energy - New Mexico","url":"https:\/\/patternenergynewmexico.com\/es\/","logo":{"@type":"ImageObject","inLanguage":"es","@id":"https:\/\/patternenergynewmexico.com\/es\/#\/schema\/logo\/image\/","url":"https:\/\/patternenergynewmexico.com\/wp-content\/uploads\/2025\/09\/share-nm.jpg","contentUrl":"https:\/\/patternenergynewmexico.com\/wp-content\/uploads\/2025\/09\/share-nm.jpg","width":1200,"height":627,"caption":"Pattern Energy - New Mexico"},"image":{"@id":"https:\/\/patternenergynewmexico.com\/es\/#\/schema\/logo\/image\/"},"sameAs":["https:\/\/www.facebook.com\/PatternNewMexico\/","https:\/\/www.instagram.com\/pattern_newmexico\/","https:\/\/web.cauze.com\/company\/293"]},{"@type":"Person","@id":"https:\/\/patternenergynewmexico.com\/es\/#\/schema\/person\/8991184615feb0f6ae3ef30579e8a048","name":"patterndev","image":{"@type":"ImageObject","inLanguage":"es","@id":"https:\/\/secure.gravatar.com\/avatar\/ef4f52db0d239637fc23bcd8dcb7c975e95b8b16f80c234e9b204c1d35b29c81?s=96&d=mm&r=g","url":"https:\/\/secure.gravatar.com\/avatar\/ef4f52db0d239637fc23bcd8dcb7c975e95b8b16f80c234e9b204c1d35b29c81?s=96&d=mm&r=g","contentUrl":"https:\/\/secure.gravatar.com\/avatar\/ef4f52db0d239637fc23bcd8dcb7c975e95b8b16f80c234e9b204c1d35b29c81?s=96&d=mm&r=g","caption":"patterndev"},"sameAs":["https:\/\/patternenergynewmexico.com"],"url":"https:\/\/patternenergynewmexico.com\/es\/author\/patterndev\/"}]}},"_links":{"self":[{"href":"https:\/\/patternenergynewmexico.com\/es\/wp-json\/wp\/v2\/posts\/3767","targetHints":{"allow":["GET"]}}],"collection":[{"href":"https:\/\/patternenergynewmexico.com\/es\/wp-json\/wp\/v2\/posts"}],"about":[{"href":"https:\/\/patternenergynewmexico.com\/es\/wp-json\/wp\/v2\/types\/post"}],"author":[{"embeddable":true,"href":"https:\/\/patternenergynewmexico.com\/es\/wp-json\/wp\/v2\/users\/1"}],"replies":[{"embeddable":true,"href":"https:\/\/patternenergynewmexico.com\/es\/wp-json\/wp\/v2\/comments?post=3767"}],"version-history":[{"count":0,"href":"https:\/\/patternenergynewmexico.com\/es\/wp-json\/wp\/v2\/posts\/3767\/revisions"}],"wp:featuredmedia":[{"embeddable":true,"href":"https:\/\/patternenergynewmexico.com\/es\/wp-json\/wp\/v2\/media\/5795"}],"wp:attachment":[{"href":"https:\/\/patternenergynewmexico.com\/es\/wp-json\/wp\/v2\/media?parent=3767"}],"wp:term":[{"taxonomy":"category","embeddable":true,"href":"https:\/\/patternenergynewmexico.com\/es\/wp-json\/wp\/v2\/categories?post=3767"},{"taxonomy":"post_tag","embeddable":true,"href":"https:\/\/patternenergynewmexico.com\/es\/wp-json\/wp\/v2\/tags?post=3767"}],"curies":[{"name":"wp","href":"https:\/\/api.w.org\/{rel}","templated":true}]}}