{"id":3734,"date":"2023-03-27T18:46:11","date_gmt":"2023-03-27T18:46:11","guid":{"rendered":"https:\/\/patternmexico.wpenginepowered.com\/el-festival-de-musica-de-clovis-vuelve-a-la-ciudad\/"},"modified":"2026-02-19T10:31:39","modified_gmt":"2026-02-19T10:31:39","slug":"el-festival-de-musica-de-clovis-vuelve-a-la-ciudad","status":"publish","type":"post","link":"https:\/\/patternenergynewmexico.com\/es\/el-festival-de-musica-de-clovis-vuelve-a-la-ciudad\/","title":{"rendered":"El Festival de M\u00fasica de Clovis vuelve a la ciudad"},"content":{"rendered":"<p><span style=\"font-weight: 400\">El Clovis Music Festival vuelve a Clovis, Nuevo M\u00e9xico, los d\u00edas 14 y 15 de abril, y toda la ciudad est\u00e1 entusiasmada. Uncle Kracker, Eli Young Band y Los Huracanes del Norte son los cabezas de cartel de 2023.  <\/span><\/p>\n<p><img loading=\"lazy\" decoding=\"async\" class=\"alignnone size-full wp-image-8030\" src=\"https:\/\/patternenergy.com\/wp-content\/uploads\/2023\/03\/Clovis-Music-Festival.png\" alt=\"\" width=\"1200\" height=\"668\"><\/p>\n<p><span style=\"font-weight: 400\">\u00abSe trata de uno de nuestros principales eventos en Clovis, y este a\u00f1o nos vamos a divertir mucho\u00bb, afirma Kim Tipton, coordinadora de eventos de la C\u00e1mara de Comercio de Clovis.  <\/span><span style=\"font-weight: 400\"><br \/>\n<\/span><span style=\"font-weight: 400\"><br \/>\n<\/span><span style=\"font-weight: 400\">\u00abNo s\u00f3lo actuar\u00e1n grandes artistas los d\u00edas 14 y 15, sino que tambi\u00e9n habr\u00e1 una semana de m\u00fasica previa a la Fiesta de la M\u00fasica\u00bb.<\/span><\/p>\n<div id=\"attachment_8038\" style=\"width: 810px\" class=\"wp-caption alignnone\"><img loading=\"lazy\" decoding=\"async\" aria-describedby=\"caption-attachment-8038\" class=\"size-full wp-image-8038\" src=\"https:\/\/patternenergy.com\/wp-content\/uploads\/2023\/03\/Uncle-Kracker.jpeg\" alt=\"\" width=\"800\" height=\"1200\"><p id=\"caption-attachment-8038\" class=\"wp-caption-text\">Uncle Kracker act\u00faa el viernes por la noche<\/p><\/div>\n<h3>#ClovisTakesTheStage<\/h3>\n<p><span style=\"font-weight: 400\">Durante la semana previa a la Fiesta de la M\u00fasica, una serie de actos actuar\u00e1n por toda la ciudad, creando expectaci\u00f3n hasta que se celebren los actos principales durante el fin de semana.  <\/span><span style=\"font-weight: 400\"><br \/>\n<\/span><span style=\"font-weight: 400\"><br \/>\n<\/span><span style=\"font-weight: 400\">Clovis est\u00e1 celebrando los actos con un hashtag para las redes sociales, #ClovisTakesTheStage.  <\/span><span style=\"font-weight: 400\"><br \/>\n<\/span><span style=\"font-weight: 400\"><br \/>\n<\/span><span style=\"font-weight: 400\">Este a\u00f1o, cuando se vea actuar a estos artistas, se anima a la gente a etiquetar su contenido en las redes sociales para que la gente pueda verlo durante la semana.  <\/span><span style=\"font-weight: 400\"><br \/>\n<\/span><span style=\"font-weight: 400\"><br \/>\n<\/span><span style=\"font-weight: 400\">Para consultar la lista de artistas, visite la p\u00e1gina web del <\/span><a href=\"https:\/\/www.clovismusicfestival.com\/\"><br \/>\n  <span style=\"font-weight: 400\">Festival de M\u00fasica de Clovis 2023<\/span><br \/>\n<\/a><span style=\"font-weight: 400\"> p\u00e1gina web.<\/span><\/p>\n<div id=\"attachment_8032\" style=\"width: 1210px\" class=\"wp-caption alignnone\"><img loading=\"lazy\" decoding=\"async\" aria-describedby=\"caption-attachment-8032\" class=\"size-full wp-image-8032\" src=\"https:\/\/patternenergy.com\/wp-content\/uploads\/2023\/03\/Eli-Young-Band.jpeg\" alt=\"\" width=\"1200\" height=\"1200\"><p id=\"caption-attachment-8032\" class=\"wp-caption-text\">Eli Young Band sigue a Uncle Kracker el viernes por la noche<\/p><\/div>\n<h3>Un gran festival de m\u00fasica con grandes actuaciones<\/h3>\n<p><span style=\"font-weight: 400\">Tras una semana de actuaciones musicales por toda la ciudad, el viernes por la noche los cabezas de cartel act\u00faan en el <\/span><a href=\"https:\/\/www.clovismusicfestival.com\/event-map\"><br \/>\n  <span style=\"font-weight: 400\">Centro de Eventos del Condado de Curry<\/span><br \/>\n<\/a><span style=\"font-weight: 400\">. Apertura de puertas a las 18.30 horas.<\/span><span style=\"font-weight: 400\"><br \/>\n<\/span><span style=\"font-weight: 400\"><br \/>\n<\/span><span style=\"font-weight: 400\">Viernes por la noche es <\/span><a href=\"https:\/\/www.unclekracker.com\/\"><br \/>\n  <span style=\"font-weight: 400\">T\u00edo Kracker<\/span><br \/>\n<\/a><span style=\"font-weight: 400\"> seguido de <\/span><a href=\"https:\/\/eliyoungband.com\/#!\/\"><br \/>\n  <span style=\"font-weight: 400\">Eli Young Band<\/span><br \/>\n<\/a><span style=\"font-weight: 400\">y el s\u00e1bado por la noche <\/span><a href=\"https:\/\/www.youtube.com\/channel\/UC2agm89M64bXK2fIfOKsaJw\"><br \/>\n  <span style=\"font-weight: 400\">Los Hurracanes del Norte<\/span><br \/>\n<\/a><span style=\"font-weight: 400\"> cabeza de cartel.<\/span><\/p>\n<p><img loading=\"lazy\" decoding=\"async\" class=\"alignnone size-full wp-image-8031\" src=\"https:\/\/patternenergy.com\/wp-content\/uploads\/2023\/03\/concert-schedule.png\" alt=\"\" width=\"1200\" height=\"799\"><\/p>\n<h3>Visitas a los estudios de Norman y VI Petty<\/h3>\n<p><span style=\"font-weight: 400\">Cuando se habla de m\u00fasica en Clovis, es imposible ignorar el <\/span><a href=\"https:\/\/www.visitclovisnm.org\/petty-studio\"><br \/>\n  <span style=\"font-weight: 400\">Estudio de Grabaci\u00f3n Norman Petty<\/span><br \/>\n<\/a><span style=\"font-weight: 400\">. Las visitas podr\u00e1n realizarse el viernes 14 de abril, de 8.00 a 16.00 horas, al precio de 6 $ la entrada.  <\/span><\/p>\n<p><span style=\"font-weight: 400\">Norman Petty y su esposa, Vi Petty, formaron un grupo musical con su amigo Jack Vaughn a principios de los a\u00f1os cincuenta. Ten\u00edan un programa de radio semanal y tuvieron cierto \u00e9xito con la canci\u00f3n \u00abAlmost Paradise\u00bb, y grabaron \u00abMood Indigo\u00bb con Duke Ellington.  <\/span><span style=\"font-weight: 400\"><br \/>\n<\/span><span style=\"font-weight: 400\"><br \/>\n<\/span><span style=\"font-weight: 400\">Abrieron su estudio de grabaci\u00f3n en 1954 y el \u00e9xito les sigui\u00f3.  <\/span><span style=\"font-weight: 400\"><br \/>\n<\/span><span style=\"font-weight: 400\"><br \/>\n<\/span><span style=\"font-weight: 400\">Cuando se corri\u00f3 la voz sobre su excelente estudio de grabaci\u00f3n, Buddy Holly vino a grabar en 1957, y a partir de ah\u00ed despegaron. Los grandes artistas de la grabaci\u00f3n pasaron por Clovis durante d\u00e9cadas, siendo la \u00faltima en grabar LeAnn Rimes en los a\u00f1os 90.  <\/span><span style=\"font-weight: 400\"><br \/>\n<\/span><span style=\"font-weight: 400\"><br \/>\n<\/span><span style=\"font-weight: 400\">Ahora el estudio vuelve a la vida como uno de los pocos estudios de grabaci\u00f3n anal\u00f3gica que quedan en Estados Unidos. Ha despertado el inter\u00e9s de artistas de todo el pa\u00eds, y merece la pena visitar el estudio.  <\/span><\/p>\n<p><span style=\"font-weight: 400\">Clovis es lo m\u00e1ximo<\/span><\/p>\n","protected":false},"excerpt":{"rendered":"<p>El Clovis Music Festival vuelve a Clovis, Nuevo M\u00e9xico, los d\u00edas 14 y 15 de abril, y toda la ciudad est\u00e1 entusiasmada. Uncle Kracker, Eli Young Band y Los Huracanes del Norte son los cabezas de cartel de 2023. \u00abSe trata de uno de nuestros principales eventos en Clovis, y este a\u00f1o nos vamos a [&hellip;]<\/p>\n","protected":false},"author":1,"featured_media":5525,"comment_status":"open","ping_status":"open","sticky":false,"template":"","format":"standard","meta":{"_acf_changed":false,"footnotes":""},"categories":[484,479,482],"tags":[494,483,501,496,476],"class_list":["post-3734","post","type-post","status-publish","format-standard","has-post-thumbnail","hentry","category-estados-unidos","category-historias-de-energia-patron","category-sin-categorizar","tag-broadview-wind-es","tag-estados-unidos","tag-eventos-locales","tag-grady-wind-es","tag-nuevo-mexico"],"acf":[],"yoast_head":"<!-- This site is optimized with the Yoast SEO plugin v27.4 - https:\/\/yoast.com\/product\/yoast-seo-wordpress\/ -->\n<title>El Festival de M\u00fasica de Clovis vuelve a la ciudad - Pattern Energy - New Mexico<\/title>\n<meta name=\"robots\" content=\"index, follow, max-snippet:-1, max-image-preview:large, max-video-preview:-1\" \/>\n<link rel=\"canonical\" href=\"https:\/\/patternenergynewmexico.com\/es\/el-festival-de-musica-de-clovis-vuelve-a-la-ciudad\/\" \/>\n<meta property=\"og:locale\" content=\"es_ES\" \/>\n<meta property=\"og:type\" content=\"article\" \/>\n<meta property=\"og:title\" content=\"El Festival de M\u00fasica de Clovis vuelve a la ciudad - Pattern Energy - New Mexico\" \/>\n<meta property=\"og:description\" content=\"El Clovis Music Festival vuelve a Clovis, Nuevo M\u00e9xico, los d\u00edas 14 y 15 de abril, y toda la ciudad est\u00e1 entusiasmada. Uncle Kracker, Eli Young Band y Los Huracanes del Norte son los cabezas de cartel de 2023. \u00abSe trata de uno de nuestros principales eventos en Clovis, y este a\u00f1o nos vamos a [&hellip;]\" \/>\n<meta property=\"og:url\" content=\"https:\/\/patternenergynewmexico.com\/es\/el-festival-de-musica-de-clovis-vuelve-a-la-ciudad\/\" \/>\n<meta property=\"og:site_name\" content=\"Pattern Energy - New Mexico\" \/>\n<meta property=\"article:publisher\" content=\"https:\/\/www.facebook.com\/PatternNewMexico\/\" \/>\n<meta property=\"article:published_time\" content=\"2023-03-27T18:46:11+00:00\" \/>\n<meta property=\"article:modified_time\" content=\"2026-02-19T10:31:39+00:00\" \/>\n<meta property=\"og:image\" content=\"https:\/\/patternenergynewmexico.com\/wp-content\/uploads\/2025\/09\/Eli-Young-Band.jpg\" \/>\n\t<meta property=\"og:image:width\" content=\"1200\" \/>\n\t<meta property=\"og:image:height\" content=\"1200\" \/>\n\t<meta property=\"og:image:type\" content=\"image\/jpeg\" \/>\n<meta name=\"author\" content=\"patterndev\" \/>\n<meta name=\"twitter:card\" content=\"summary_large_image\" \/>\n<meta name=\"twitter:label1\" content=\"Written by\" \/>\n\t<meta name=\"twitter:data1\" content=\"patterndev\" \/>\n\t<meta name=\"twitter:label2\" content=\"Est. reading time\" \/>\n\t<meta name=\"twitter:data2\" content=\"3 minutos\" \/>\n<script type=\"application\/ld+json\" class=\"yoast-schema-graph\">{\"@context\":\"https:\\\/\\\/schema.org\",\"@graph\":[{\"@type\":\"Article\",\"@id\":\"https:\\\/\\\/patternenergynewmexico.com\\\/es\\\/el-festival-de-musica-de-clovis-vuelve-a-la-ciudad\\\/#article\",\"isPartOf\":{\"@id\":\"https:\\\/\\\/patternenergynewmexico.com\\\/es\\\/el-festival-de-musica-de-clovis-vuelve-a-la-ciudad\\\/\"},\"author\":{\"name\":\"patterndev\",\"@id\":\"https:\\\/\\\/patternenergynewmexico.com\\\/es\\\/#\\\/schema\\\/person\\\/8991184615feb0f6ae3ef30579e8a048\"},\"headline\":\"El Festival de M\u00fasica de Clovis vuelve a la ciudad\",\"datePublished\":\"2023-03-27T18:46:11+00:00\",\"dateModified\":\"2026-02-19T10:31:39+00:00\",\"mainEntityOfPage\":{\"@id\":\"https:\\\/\\\/patternenergynewmexico.com\\\/es\\\/el-festival-de-musica-de-clovis-vuelve-a-la-ciudad\\\/\"},\"wordCount\":519,\"commentCount\":0,\"publisher\":{\"@id\":\"https:\\\/\\\/patternenergynewmexico.com\\\/es\\\/#organization\"},\"image\":{\"@id\":\"https:\\\/\\\/patternenergynewmexico.com\\\/es\\\/el-festival-de-musica-de-clovis-vuelve-a-la-ciudad\\\/#primaryimage\"},\"thumbnailUrl\":\"https:\\\/\\\/patternenergynewmexico.com\\\/wp-content\\\/uploads\\\/2025\\\/09\\\/Eli-Young-Band.jpg\",\"keywords\":[\"Broadview Wind\",\"Estados Unidos\",\"Eventos locales\",\"Grady Wind\",\"Nuevo M\u00e9xico\"],\"articleSection\":[\"Estados Unidos\",\"Historias de Energ\u00eda Patr\u00f3n\",\"Sin categorizar\"],\"inLanguage\":\"es\",\"potentialAction\":[{\"@type\":\"CommentAction\",\"name\":\"Comment\",\"target\":[\"https:\\\/\\\/patternenergynewmexico.com\\\/es\\\/el-festival-de-musica-de-clovis-vuelve-a-la-ciudad\\\/#respond\"]}]},{\"@type\":\"WebPage\",\"@id\":\"https:\\\/\\\/patternenergynewmexico.com\\\/es\\\/el-festival-de-musica-de-clovis-vuelve-a-la-ciudad\\\/\",\"url\":\"https:\\\/\\\/patternenergynewmexico.com\\\/es\\\/el-festival-de-musica-de-clovis-vuelve-a-la-ciudad\\\/\",\"name\":\"El Festival de M\u00fasica de Clovis vuelve a la ciudad - Pattern Energy - New Mexico\",\"isPartOf\":{\"@id\":\"https:\\\/\\\/patternenergynewmexico.com\\\/es\\\/#website\"},\"primaryImageOfPage\":{\"@id\":\"https:\\\/\\\/patternenergynewmexico.com\\\/es\\\/el-festival-de-musica-de-clovis-vuelve-a-la-ciudad\\\/#primaryimage\"},\"image\":{\"@id\":\"https:\\\/\\\/patternenergynewmexico.com\\\/es\\\/el-festival-de-musica-de-clovis-vuelve-a-la-ciudad\\\/#primaryimage\"},\"thumbnailUrl\":\"https:\\\/\\\/patternenergynewmexico.com\\\/wp-content\\\/uploads\\\/2025\\\/09\\\/Eli-Young-Band.jpg\",\"datePublished\":\"2023-03-27T18:46:11+00:00\",\"dateModified\":\"2026-02-19T10:31:39+00:00\",\"breadcrumb\":{\"@id\":\"https:\\\/\\\/patternenergynewmexico.com\\\/es\\\/el-festival-de-musica-de-clovis-vuelve-a-la-ciudad\\\/#breadcrumb\"},\"inLanguage\":\"es\",\"potentialAction\":[{\"@type\":\"ReadAction\",\"target\":[\"https:\\\/\\\/patternenergynewmexico.com\\\/es\\\/el-festival-de-musica-de-clovis-vuelve-a-la-ciudad\\\/\"]}]},{\"@type\":\"ImageObject\",\"inLanguage\":\"es\",\"@id\":\"https:\\\/\\\/patternenergynewmexico.com\\\/es\\\/el-festival-de-musica-de-clovis-vuelve-a-la-ciudad\\\/#primaryimage\",\"url\":\"https:\\\/\\\/patternenergynewmexico.com\\\/wp-content\\\/uploads\\\/2025\\\/09\\\/Eli-Young-Band.jpg\",\"contentUrl\":\"https:\\\/\\\/patternenergynewmexico.com\\\/wp-content\\\/uploads\\\/2025\\\/09\\\/Eli-Young-Band.jpg\",\"width\":1200,\"height\":1200},{\"@type\":\"BreadcrumbList\",\"@id\":\"https:\\\/\\\/patternenergynewmexico.com\\\/es\\\/el-festival-de-musica-de-clovis-vuelve-a-la-ciudad\\\/#breadcrumb\",\"itemListElement\":[{\"@type\":\"ListItem\",\"position\":1,\"name\":\"Home\",\"item\":\"https:\\\/\\\/patternenergynewmexico.com\\\/es\\\/\"},{\"@type\":\"ListItem\",\"position\":2,\"name\":\"El Festival de M\u00fasica de Clovis vuelve a la ciudad\"}]},{\"@type\":\"WebSite\",\"@id\":\"https:\\\/\\\/patternenergynewmexico.com\\\/es\\\/#website\",\"url\":\"https:\\\/\\\/patternenergynewmexico.com\\\/es\\\/\",\"name\":\"Pattern Energy - New Mexico\",\"description\":\"An American company committed to New Mexico\",\"publisher\":{\"@id\":\"https:\\\/\\\/patternenergynewmexico.com\\\/es\\\/#organization\"},\"potentialAction\":[{\"@type\":\"SearchAction\",\"target\":{\"@type\":\"EntryPoint\",\"urlTemplate\":\"https:\\\/\\\/patternenergynewmexico.com\\\/es\\\/?s={search_term_string}\"},\"query-input\":{\"@type\":\"PropertyValueSpecification\",\"valueRequired\":true,\"valueName\":\"search_term_string\"}}],\"inLanguage\":\"es\"},{\"@type\":\"Organization\",\"@id\":\"https:\\\/\\\/patternenergynewmexico.com\\\/es\\\/#organization\",\"name\":\"Pattern Energy - New Mexico\",\"url\":\"https:\\\/\\\/patternenergynewmexico.com\\\/es\\\/\",\"logo\":{\"@type\":\"ImageObject\",\"inLanguage\":\"es\",\"@id\":\"https:\\\/\\\/patternenergynewmexico.com\\\/es\\\/#\\\/schema\\\/logo\\\/image\\\/\",\"url\":\"https:\\\/\\\/patternenergynewmexico.com\\\/wp-content\\\/uploads\\\/2025\\\/09\\\/share-nm.jpg\",\"contentUrl\":\"https:\\\/\\\/patternenergynewmexico.com\\\/wp-content\\\/uploads\\\/2025\\\/09\\\/share-nm.jpg\",\"width\":1200,\"height\":627,\"caption\":\"Pattern Energy - New Mexico\"},\"image\":{\"@id\":\"https:\\\/\\\/patternenergynewmexico.com\\\/es\\\/#\\\/schema\\\/logo\\\/image\\\/\"},\"sameAs\":[\"https:\\\/\\\/www.facebook.com\\\/PatternNewMexico\\\/\",\"https:\\\/\\\/www.instagram.com\\\/pattern_newmexico\\\/\",\"https:\\\/\\\/web.cauze.com\\\/company\\\/293\"]},{\"@type\":\"Person\",\"@id\":\"https:\\\/\\\/patternenergynewmexico.com\\\/es\\\/#\\\/schema\\\/person\\\/8991184615feb0f6ae3ef30579e8a048\",\"name\":\"patterndev\",\"image\":{\"@type\":\"ImageObject\",\"inLanguage\":\"es\",\"@id\":\"https:\\\/\\\/secure.gravatar.com\\\/avatar\\\/ef4f52db0d239637fc23bcd8dcb7c975e95b8b16f80c234e9b204c1d35b29c81?s=96&d=mm&r=g\",\"url\":\"https:\\\/\\\/secure.gravatar.com\\\/avatar\\\/ef4f52db0d239637fc23bcd8dcb7c975e95b8b16f80c234e9b204c1d35b29c81?s=96&d=mm&r=g\",\"contentUrl\":\"https:\\\/\\\/secure.gravatar.com\\\/avatar\\\/ef4f52db0d239637fc23bcd8dcb7c975e95b8b16f80c234e9b204c1d35b29c81?s=96&d=mm&r=g\",\"caption\":\"patterndev\"},\"sameAs\":[\"https:\\\/\\\/patternenergynewmexico.com\"],\"url\":\"https:\\\/\\\/patternenergynewmexico.com\\\/es\\\/author\\\/patterndev\\\/\"}]}<\/script>\n<!-- \/ Yoast SEO plugin. -->","yoast_head_json":{"title":"El Festival de M\u00fasica de Clovis vuelve a la ciudad - Pattern Energy - New Mexico","robots":{"index":"index","follow":"follow","max-snippet":"max-snippet:-1","max-image-preview":"max-image-preview:large","max-video-preview":"max-video-preview:-1"},"canonical":"https:\/\/patternenergynewmexico.com\/es\/el-festival-de-musica-de-clovis-vuelve-a-la-ciudad\/","og_locale":"es_ES","og_type":"article","og_title":"El Festival de M\u00fasica de Clovis vuelve a la ciudad - Pattern Energy - New Mexico","og_description":"El Clovis Music Festival vuelve a Clovis, Nuevo M\u00e9xico, los d\u00edas 14 y 15 de abril, y toda la ciudad est\u00e1 entusiasmada. Uncle Kracker, Eli Young Band y Los Huracanes del Norte son los cabezas de cartel de 2023. \u00abSe trata de uno de nuestros principales eventos en Clovis, y este a\u00f1o nos vamos a [&hellip;]","og_url":"https:\/\/patternenergynewmexico.com\/es\/el-festival-de-musica-de-clovis-vuelve-a-la-ciudad\/","og_site_name":"Pattern Energy - New Mexico","article_publisher":"https:\/\/www.facebook.com\/PatternNewMexico\/","article_published_time":"2023-03-27T18:46:11+00:00","article_modified_time":"2026-02-19T10:31:39+00:00","og_image":[{"width":1200,"height":1200,"url":"https:\/\/patternenergynewmexico.com\/wp-content\/uploads\/2025\/09\/Eli-Young-Band.jpg","type":"image\/jpeg"}],"author":"patterndev","twitter_card":"summary_large_image","twitter_misc":{"Written by":"patterndev","Est. reading time":"3 minutos"},"schema":{"@context":"https:\/\/schema.org","@graph":[{"@type":"Article","@id":"https:\/\/patternenergynewmexico.com\/es\/el-festival-de-musica-de-clovis-vuelve-a-la-ciudad\/#article","isPartOf":{"@id":"https:\/\/patternenergynewmexico.com\/es\/el-festival-de-musica-de-clovis-vuelve-a-la-ciudad\/"},"author":{"name":"patterndev","@id":"https:\/\/patternenergynewmexico.com\/es\/#\/schema\/person\/8991184615feb0f6ae3ef30579e8a048"},"headline":"El Festival de M\u00fasica de Clovis vuelve a la ciudad","datePublished":"2023-03-27T18:46:11+00:00","dateModified":"2026-02-19T10:31:39+00:00","mainEntityOfPage":{"@id":"https:\/\/patternenergynewmexico.com\/es\/el-festival-de-musica-de-clovis-vuelve-a-la-ciudad\/"},"wordCount":519,"commentCount":0,"publisher":{"@id":"https:\/\/patternenergynewmexico.com\/es\/#organization"},"image":{"@id":"https:\/\/patternenergynewmexico.com\/es\/el-festival-de-musica-de-clovis-vuelve-a-la-ciudad\/#primaryimage"},"thumbnailUrl":"https:\/\/patternenergynewmexico.com\/wp-content\/uploads\/2025\/09\/Eli-Young-Band.jpg","keywords":["Broadview Wind","Estados Unidos","Eventos locales","Grady Wind","Nuevo M\u00e9xico"],"articleSection":["Estados Unidos","Historias de Energ\u00eda Patr\u00f3n","Sin categorizar"],"inLanguage":"es","potentialAction":[{"@type":"CommentAction","name":"Comment","target":["https:\/\/patternenergynewmexico.com\/es\/el-festival-de-musica-de-clovis-vuelve-a-la-ciudad\/#respond"]}]},{"@type":"WebPage","@id":"https:\/\/patternenergynewmexico.com\/es\/el-festival-de-musica-de-clovis-vuelve-a-la-ciudad\/","url":"https:\/\/patternenergynewmexico.com\/es\/el-festival-de-musica-de-clovis-vuelve-a-la-ciudad\/","name":"El Festival de M\u00fasica de Clovis vuelve a la ciudad - Pattern Energy - New Mexico","isPartOf":{"@id":"https:\/\/patternenergynewmexico.com\/es\/#website"},"primaryImageOfPage":{"@id":"https:\/\/patternenergynewmexico.com\/es\/el-festival-de-musica-de-clovis-vuelve-a-la-ciudad\/#primaryimage"},"image":{"@id":"https:\/\/patternenergynewmexico.com\/es\/el-festival-de-musica-de-clovis-vuelve-a-la-ciudad\/#primaryimage"},"thumbnailUrl":"https:\/\/patternenergynewmexico.com\/wp-content\/uploads\/2025\/09\/Eli-Young-Band.jpg","datePublished":"2023-03-27T18:46:11+00:00","dateModified":"2026-02-19T10:31:39+00:00","breadcrumb":{"@id":"https:\/\/patternenergynewmexico.com\/es\/el-festival-de-musica-de-clovis-vuelve-a-la-ciudad\/#breadcrumb"},"inLanguage":"es","potentialAction":[{"@type":"ReadAction","target":["https:\/\/patternenergynewmexico.com\/es\/el-festival-de-musica-de-clovis-vuelve-a-la-ciudad\/"]}]},{"@type":"ImageObject","inLanguage":"es","@id":"https:\/\/patternenergynewmexico.com\/es\/el-festival-de-musica-de-clovis-vuelve-a-la-ciudad\/#primaryimage","url":"https:\/\/patternenergynewmexico.com\/wp-content\/uploads\/2025\/09\/Eli-Young-Band.jpg","contentUrl":"https:\/\/patternenergynewmexico.com\/wp-content\/uploads\/2025\/09\/Eli-Young-Band.jpg","width":1200,"height":1200},{"@type":"BreadcrumbList","@id":"https:\/\/patternenergynewmexico.com\/es\/el-festival-de-musica-de-clovis-vuelve-a-la-ciudad\/#breadcrumb","itemListElement":[{"@type":"ListItem","position":1,"name":"Home","item":"https:\/\/patternenergynewmexico.com\/es\/"},{"@type":"ListItem","position":2,"name":"El Festival de M\u00fasica de Clovis vuelve a la ciudad"}]},{"@type":"WebSite","@id":"https:\/\/patternenergynewmexico.com\/es\/#website","url":"https:\/\/patternenergynewmexico.com\/es\/","name":"Pattern Energy - New Mexico","description":"An American company committed to New Mexico","publisher":{"@id":"https:\/\/patternenergynewmexico.com\/es\/#organization"},"potentialAction":[{"@type":"SearchAction","target":{"@type":"EntryPoint","urlTemplate":"https:\/\/patternenergynewmexico.com\/es\/?s={search_term_string}"},"query-input":{"@type":"PropertyValueSpecification","valueRequired":true,"valueName":"search_term_string"}}],"inLanguage":"es"},{"@type":"Organization","@id":"https:\/\/patternenergynewmexico.com\/es\/#organization","name":"Pattern Energy - New Mexico","url":"https:\/\/patternenergynewmexico.com\/es\/","logo":{"@type":"ImageObject","inLanguage":"es","@id":"https:\/\/patternenergynewmexico.com\/es\/#\/schema\/logo\/image\/","url":"https:\/\/patternenergynewmexico.com\/wp-content\/uploads\/2025\/09\/share-nm.jpg","contentUrl":"https:\/\/patternenergynewmexico.com\/wp-content\/uploads\/2025\/09\/share-nm.jpg","width":1200,"height":627,"caption":"Pattern Energy - New Mexico"},"image":{"@id":"https:\/\/patternenergynewmexico.com\/es\/#\/schema\/logo\/image\/"},"sameAs":["https:\/\/www.facebook.com\/PatternNewMexico\/","https:\/\/www.instagram.com\/pattern_newmexico\/","https:\/\/web.cauze.com\/company\/293"]},{"@type":"Person","@id":"https:\/\/patternenergynewmexico.com\/es\/#\/schema\/person\/8991184615feb0f6ae3ef30579e8a048","name":"patterndev","image":{"@type":"ImageObject","inLanguage":"es","@id":"https:\/\/secure.gravatar.com\/avatar\/ef4f52db0d239637fc23bcd8dcb7c975e95b8b16f80c234e9b204c1d35b29c81?s=96&d=mm&r=g","url":"https:\/\/secure.gravatar.com\/avatar\/ef4f52db0d239637fc23bcd8dcb7c975e95b8b16f80c234e9b204c1d35b29c81?s=96&d=mm&r=g","contentUrl":"https:\/\/secure.gravatar.com\/avatar\/ef4f52db0d239637fc23bcd8dcb7c975e95b8b16f80c234e9b204c1d35b29c81?s=96&d=mm&r=g","caption":"patterndev"},"sameAs":["https:\/\/patternenergynewmexico.com"],"url":"https:\/\/patternenergynewmexico.com\/es\/author\/patterndev\/"}]}},"_links":{"self":[{"href":"https:\/\/patternenergynewmexico.com\/es\/wp-json\/wp\/v2\/posts\/3734","targetHints":{"allow":["GET"]}}],"collection":[{"href":"https:\/\/patternenergynewmexico.com\/es\/wp-json\/wp\/v2\/posts"}],"about":[{"href":"https:\/\/patternenergynewmexico.com\/es\/wp-json\/wp\/v2\/types\/post"}],"author":[{"embeddable":true,"href":"https:\/\/patternenergynewmexico.com\/es\/wp-json\/wp\/v2\/users\/1"}],"replies":[{"embeddable":true,"href":"https:\/\/patternenergynewmexico.com\/es\/wp-json\/wp\/v2\/comments?post=3734"}],"version-history":[{"count":0,"href":"https:\/\/patternenergynewmexico.com\/es\/wp-json\/wp\/v2\/posts\/3734\/revisions"}],"wp:featuredmedia":[{"embeddable":true,"href":"https:\/\/patternenergynewmexico.com\/es\/wp-json\/wp\/v2\/media\/5525"}],"wp:attachment":[{"href":"https:\/\/patternenergynewmexico.com\/es\/wp-json\/wp\/v2\/media?parent=3734"}],"wp:term":[{"taxonomy":"category","embeddable":true,"href":"https:\/\/patternenergynewmexico.com\/es\/wp-json\/wp\/v2\/categories?post=3734"},{"taxonomy":"post_tag","embeddable":true,"href":"https:\/\/patternenergynewmexico.com\/es\/wp-json\/wp\/v2\/tags?post=3734"}],"curies":[{"name":"wp","href":"https:\/\/api.w.org\/{rel}","templated":true}]}}