{"id":3718,"date":"2023-07-31T23:14:36","date_gmt":"2023-07-31T23:14:36","guid":{"rendered":"https:\/\/patternmexico.wpenginepowered.com\/el-salon-de-la-fama-de-la-ffa-incorpora-a-storm-gerhart-y-todd-pinnell\/"},"modified":"2026-02-19T10:31:06","modified_gmt":"2026-02-19T10:31:06","slug":"el-salon-de-la-fama-de-la-ffa-incorpora-a-storm-gerhart-y-todd-pinnell","status":"publish","type":"post","link":"https:\/\/patternenergynewmexico.com\/es\/el-salon-de-la-fama-de-la-ffa-incorpora-a-storm-gerhart-y-todd-pinnell\/","title":{"rendered":"El Sal\u00f3n de la Fama de la FFA incorpora a Storm Gerhart y Todd Pinnell"},"content":{"rendered":"<p><span style=\"font-weight: 400\">\u00bfQu\u00e9 convierte a alguien en leyenda? \u00bfCu\u00e1les son las cualidades y acciones de una persona que hacen que los dem\u00e1s la vean con respeto, admiraci\u00f3n y la consideren legendaria?<\/span><\/p>\n<p><span style=\"font-weight: 400\">Los Futuros Agricultores de Am\u00e9rica de Nuevo M\u00e9xico celebraron su Convenci\u00f3n Estatal del 31 de mayo al 2 de junio en el Centro de Convenciones de Las Cruces, Nuevo M\u00e9xico.<\/span><\/p>\n<div id=\"attachment_8624\" style=\"width: 1210px\" class=\"wp-caption alignnone\"><img loading=\"lazy\" decoding=\"async\" aria-describedby=\"caption-attachment-8624\" class=\"size-full wp-image-8624\" src=\"https:\/\/patternenergy.com\/wp-content\/uploads\/2023\/07\/Gerhart-fam_use-1.jpeg\" alt=\"\" width=\"1200\" height=\"900\"><p id=\"caption-attachment-8624\" class=\"wp-caption-text\">Storm Gerhart, hijas Raynne, Wendy y esposa Darlene<\/p><\/div>\n<p>&nbsp;<\/p>\n<div id=\"attachment_8630\" style=\"width: 1210px\" class=\"wp-caption alignnone\"><img loading=\"lazy\" decoding=\"async\" aria-describedby=\"caption-attachment-8630\" class=\"size-full wp-image-8630\" src=\"https:\/\/patternenergy.com\/wp-content\/uploads\/2023\/07\/pinnell-family_use_article.jpeg\" alt=\"\" width=\"1200\" height=\"900\"><p id=\"caption-attachment-8630\" class=\"wp-caption-text\">Todd Pinnell y familia<\/p><\/div>\n<p><span style=\"font-weight: 400\">La convenci\u00f3n reuni\u00f3 a los oficiales estatales de la FFA de ayer y de hoy, mientras la organizaci\u00f3n votaba a sus nuevos oficiales para el pr\u00f3ximo a\u00f1o.<\/span><span style=\"font-weight: 400\"><br \/>\n<\/span><span style=\"font-weight: 400\"><br \/>\n<\/span><span style=\"font-weight: 400\">El \u00faltimo d\u00eda de la convenci\u00f3n, la FFA de Nuevo M\u00e9xico incluy\u00f3 a los educadores agr\u00edcolas jubilados Storm Gerhart y Todd Pinnell en el Sal\u00f3n de la Fama de los Educadores Agr\u00edcolas en reconocimiento a sus muchos a\u00f1os de dedicaci\u00f3n y servicio a la educaci\u00f3n de generaciones de miembros de la FFA.<\/span><span style=\"font-weight: 400\"><br \/>\n<\/span><span style=\"font-weight: 400\"><br \/>\n<\/span><span style=\"font-weight: 400\">Para ser incluido en el Sal\u00f3n de la Fama de la FFA, un educador tiene que tener recomendaciones de la comunidad y un historial como educador agr\u00edcola en Nuevo M\u00e9xico.<\/span><\/p>\n<div id=\"attachment_8631\" style=\"width: 1210px\" class=\"wp-caption alignnone\"><img loading=\"lazy\" decoding=\"async\" aria-describedby=\"caption-attachment-8631\" class=\"size-full wp-image-8631\" src=\"https:\/\/patternenergy.com\/wp-content\/uploads\/2023\/07\/sponsors-flag-with-pattern.jpeg\" alt=\"\" width=\"1200\" height=\"690\"><p id=\"caption-attachment-8631\" class=\"wp-caption-text\">Patrocinadores de la Convenci\u00f3n Estatal de la FFA 2023<\/p><\/div>\n<h3>Tormenta Gerhart<\/h3>\n<p><span style=\"font-weight: 400\">Cuando se le pregunt\u00f3 cu\u00e1les eran sus partes favoritas de ser Educador Agr\u00edcola y dirigir a los j\u00f3venes de Nuevo M\u00e9xico en la FFA, Storm Gerhart pens\u00f3 por un momento, sonri\u00f3 y respondi\u00f3 con voz tranquila: \u00abRealmente, me gust\u00f3 todo. Todo fue fant\u00e1stico\u00bb.<\/span><span style=\"font-weight: 400\"><br \/>\n<\/span><span style=\"font-weight: 400\"><br \/>\n<\/span><span style=\"font-weight: 400\">Gerhart conoci\u00f3 a su esposa Darlene cuando ambos estudiaban en la Universidad Estatal de Nuevo M\u00e9xico y, tras graduarse, prob\u00f3 suerte como agente de Land Trust en Colorado, pero no le gust\u00f3 el trabajo.<\/span><\/p>\n<div id=\"attachment_8633\" style=\"width: 1210px\" class=\"wp-caption alignnone\"><img loading=\"lazy\" decoding=\"async\" aria-describedby=\"caption-attachment-8633\" class=\"size-full wp-image-8633\" src=\"https:\/\/patternenergy.com\/wp-content\/uploads\/2023\/07\/storm-holding-ag-ed-magazine-hes-on-cover.jpeg\" alt=\"\" width=\"1200\" height=\"900\"><p id=\"caption-attachment-8633\" class=\"wp-caption-text\">Storm sostiene una revista de Educaci\u00f3n Agr\u00edcola de 1970 (\u00e9l aparece en la portada).<\/p><\/div>\n<p><span style=\"font-weight: 400\">Durante ese tiempo, se puso en contacto con \u00e9l otra leyenda de la educaci\u00f3n agr\u00edcola, el Dr. Leon Wagley, que era profesor de agricultura y formador de profesores, y convenci\u00f3 a Gerhart para que volviera a Nuevo M\u00e9xico a ense\u00f1ar.<\/span><span style=\"font-weight: 400\"><br \/>\n<\/span><span style=\"font-weight: 400\"><br \/>\n<\/span><span style=\"font-weight: 400\">\u00abNunca ense\u00f1\u00e9 en una escuela grande\u00bb, dijo Gerhart, \u00abs\u00f3lo en escuelas peque\u00f1as de zonas rurales, y la bondad de la gente de la comunidad siempre fue especial para m\u00ed\u00bb.<\/span><span style=\"font-weight: 400\"><br \/>\n<\/span><span style=\"font-weight: 400\"><br \/>\n<\/span><span style=\"font-weight: 400\">Gerhart estuvo acompa\u00f1ado por su esposa Darlene y sus hijas Raynee y Wendy.<\/span><span style=\"font-weight: 400\"><br \/>\n<\/span><span style=\"font-weight: 400\"><br \/>\n<\/span><span style=\"font-weight: 400\">Cuando Gerhart dijo que disfrutaba compitiendo, esto provoc\u00f3 las risas de su familia.<\/span><\/p>\n<div id=\"attachment_8626\" style=\"width: 1210px\" class=\"wp-caption alignnone\"><img loading=\"lazy\" decoding=\"async\" aria-describedby=\"caption-attachment-8626\" class=\"size-full wp-image-8626\" src=\"https:\/\/patternenergy.com\/wp-content\/uploads\/2023\/07\/gerhart-family-on-stage-2.jpeg\" alt=\"\" width=\"1200\" height=\"900\"><p id=\"caption-attachment-8626\" class=\"wp-caption-text\">Storm Gerhart recibe el premio del Sal\u00f3n de la Fama con su familia y amigos<\/p><\/div>\n<p><span style=\"font-weight: 400\">\u00abPuede que mi padre sea la persona m\u00e1s competitiva del mundo\u00bb, afirma entre risas Raynee, entrenadora desde hace 20 a\u00f1os. \u00abCuando nos levant\u00e1bamos por la ma\u00f1ana, nos ense\u00f1aban a dar de comer primero a los animales y despu\u00e9s a nosotros antes de ir a la escuela. Pap\u00e1 era estricto, le gustaba ganar, y a nosotros tambi\u00e9n.<\/span><\/p>\n<p><span style=\"font-weight: 400\">\u00abCuando compet\u00edamos\u00bb, a\u00f1ade, \u00abno pod\u00edamos dejar el sombrero en la cama. Trae mala suerte, \u00a1y pap\u00e1 no quer\u00eda correr riesgos!\u00bb.<\/span><\/p>\n<p><iframe title=\"Loralee-Hunt-for-Storm-HD-1080p\" src=\"https:\/\/player.vimeo.com\/video\/861095779?h=fdb2819d7b&amp;dnt=1&amp;app_id=122963\" width=\"500\" height=\"281\" frameborder=\"0\" allow=\"autoplay; fullscreen; picture-in-picture; clipboard-write; encrypted-media; web-share\" referrerpolicy=\"strict-origin-when-cross-origin\"><\/iframe><\/p>\n<p>&nbsp;<\/p>\n<p><span style=\"font-weight: 400\"><br \/>\n<\/span><span style=\"font-weight: 400\">Mirando a su madre con una sonrisa, Wendy a\u00f1adi\u00f3: \u00abEn realidad, nada de esto, nuestra familia, todo -se\u00f1al\u00f3 con la mano-, podr\u00eda haber ocurrido sin mam\u00e1. Ella se ocup\u00f3 de todo lo dem\u00e1s en nuestras vidas\u00bb.<\/span><\/p>\n<p><span style=\"font-weight: 400\">\u00abAs\u00ed es\u00bb, a\u00f1adi\u00f3 Gerhart, \u00ab\u00a1Darlene tra\u00eda las sonrisas incluso mientras repart\u00eda corderos y cerdos!\u00bb.<\/span><span style=\"font-weight: 400\"><br \/>\n<\/span><span style=\"font-weight: 400\"><br \/>\n<\/span><span style=\"font-weight: 400\">Darlene Gerhart fue una educadora que empez\u00f3 como profesora de Econom\u00eda Dom\u00e9stica en las Escuelas P\u00fablicas de Grady y pas\u00f3 a ense\u00f1ar Programaci\u00f3n Inform\u00e1tica.<\/span><span style=\"font-weight: 400\"><br \/>\n<\/span><span style=\"font-weight: 400\"><br \/>\n<\/span><span style=\"font-weight: 400\">Wendy comparti\u00f3 la importancia global de la FFA para una comunidad peque\u00f1a.<\/span><span style=\"font-weight: 400\"><br \/>\n<\/span><span style=\"font-weight: 400\"><br \/>\n<\/span><span style=\"font-weight: 400\">\u00abEn las comunidades rurales, no ten\u00edamos las cosas que tienen las grandes ciudades, as\u00ed que el atletismo y la FFA son el alma de una comunidad. Ves a todos tus amigos y vecinos en los eventos de la FFA, los deportes y la iglesia\u00bb.<\/span><\/p>\n<p><iframe title=\"Storm-Gerhart-final-HD-1080p\" src=\"https:\/\/player.vimeo.com\/video\/861071306?h=4b247b4761&amp;dnt=1&amp;app_id=122963\" width=\"500\" height=\"281\" frameborder=\"0\" allow=\"autoplay; fullscreen; picture-in-picture; clipboard-write; encrypted-media; web-share\" referrerpolicy=\"strict-origin-when-cross-origin\"><\/iframe><\/p>\n<p><span style=\"font-weight: 400\"><br \/>\n<\/span><span style=\"font-weight: 400\">A lo largo del d\u00eda, la gente se detuvo para estrechar la mano de Gerhart, felicitarle por su ingreso en el Sal\u00f3n de la Fama y agradecerle el impacto que tuvo en sus vidas.<\/span><span style=\"font-weight: 400\"><br \/>\n<\/span><span style=\"font-weight: 400\"><br \/>\n<\/span><span style=\"font-weight: 400\">Este fue un tema repetido por otros a lo largo del d\u00eda; Storm Gerhart era estricta pero amable, y ense\u00f1aba a los j\u00f3venes a desenvolverse en el mundo de los adultos.<\/span><span style=\"font-weight: 400\"><br \/>\n<\/span><span style=\"font-weight: 400\"><br \/>\n<\/span><span style=\"font-weight: 400\">Muchos hablaron de c\u00f3mo Gerhart les ense\u00f1\u00f3 a ponerse de pie, presentarse, estrechar la mano de alguien y dar lo mejor de s\u00ed mismos. Les ense\u00f1\u00f3 t\u00e9cnicas como escribir una carta comercial, hablar con profesionales y mucho m\u00e1s.<\/span><span style=\"font-weight: 400\"><br \/>\n<\/span><span style=\"font-weight: 400\"><br \/>\n<\/span><span style=\"font-weight: 400\">Ninguna leyenda es perfecta, y tambi\u00e9n hubo an\u00e9cdotas humor\u00edsticas. La hija de Gerhart, Wendy, comparti\u00f3 una memorable.<\/span><\/p>\n<p><iframe title=\"Wendy-Gerhart-final-HD-1080p\" src=\"https:\/\/player.vimeo.com\/video\/861079112?h=0c716175b7&amp;dnt=1&amp;app_id=122963\" width=\"500\" height=\"281\" frameborder=\"0\" allow=\"autoplay; fullscreen; picture-in-picture; clipboard-write; encrypted-media; web-share\" referrerpolicy=\"strict-origin-when-cross-origin\"><\/iframe><\/p>\n<p><b><br \/>\n<\/b><span style=\"font-weight: 400\">\u00abHace algunas d\u00e9cadas, los educadores de la FFA votaron para decidir si permit\u00edan o no la entrada de chicas en el programa. Mi padre\u00bb, dijo con una sonrisa ir\u00f3nica, \u00abvot\u00f3 que no\u00bb. Hizo una breve pausa y a\u00f1adi\u00f3: \u00abUnos a\u00f1os m\u00e1s tarde, pap\u00e1 ten\u00eda dos hijas y dirig\u00eda un equipo de mujeres j\u00f3venes de la FFA que iba a los Nacionales\u00bb.<\/span><span style=\"font-weight: 400\"><br \/>\n<\/span><span style=\"font-weight: 400\"><br \/>\n<\/span><span style=\"font-weight: 400\">Gerhart solt\u00f3 una risita y asinti\u00f3 con la cabeza: \u00abEn eso me equivoqu\u00e9\u00bb.<\/span><span style=\"font-weight: 400\"><br \/>\n<\/span><span style=\"font-weight: 400\"><br \/>\n<\/span><span style=\"font-weight: 400\">Aunque est\u00e1 oficialmente jubilado, Gerhart sigue disfrutando trabajando con ni\u00f1os.<\/span><\/p>\n<div id=\"attachment_8632\" style=\"width: 1210px\" class=\"wp-caption alignnone\"><img loading=\"lazy\" decoding=\"async\" aria-describedby=\"caption-attachment-8632\" class=\"size-full wp-image-8632\" src=\"https:\/\/patternenergy.com\/wp-content\/uploads\/2023\/07\/storm-and-remington.jpeg\" alt=\"\" width=\"1200\" height=\"900\"><p id=\"caption-attachment-8632\" class=\"wp-caption-text\">Storm Gerhart y Remington Hunt<\/p><\/div>\n<p><span style=\"font-weight: 400\">\u00abSigo trabajando con ni\u00f1os\u00bb, afirma Gerhart. \u00abLos nombres de las actividades que realizan pueden haber cambiado, y las actitudes han cambiado, pero creo firmemente que necesitamos personas como los granjeros que sepan hacer cosas como esquilar una oveja, y creo que los programas de formaci\u00f3n profesional son m\u00e1s importantes que nunca.<\/span><span style=\"font-weight: 400\"><br \/>\n<\/span><span style=\"font-weight: 400\"><br \/>\n<\/span><span style=\"font-weight: 400\">\u00abEspero ver m\u00e1s granjeros, soldadores, fontaneros, gente con habilidades que tengan la oportunidad de ganarse la vida y tener una buena vida\u00bb.<\/span><span style=\"font-weight: 400\"><br \/>\n<\/span><span style=\"font-weight: 400\"><br \/>\n<\/span><span style=\"font-weight: 400\">Cuando se le pidi\u00f3 que resumiera su carrera, Gerhart se mantuvo humilde. \u00abHe tenido una buena vida y la he disfrutado. He tenido suerte de haber tenido la vida que tuve y la familia que tengo, y estoy agradecido por todo ello.\u00bb<\/span><\/p>\n<h3><b><\/b><b><br \/>\n<\/b>Todd Pinnell<\/h3>\n<div id=\"attachment_8634\" style=\"width: 1210px\" class=\"wp-caption alignnone\"><img loading=\"lazy\" decoding=\"async\" aria-describedby=\"caption-attachment-8634\" class=\"size-full wp-image-8634\" src=\"https:\/\/patternenergy.com\/wp-content\/uploads\/2023\/07\/Todd-at-after-party.jpeg\" alt=\"\" width=\"1200\" height=\"900\"><p id=\"caption-attachment-8634\" class=\"wp-caption-text\">Todd Pinnell en la fiesta posterior al Sal\u00f3n de la Fama<\/p><\/div>\n<p><span style=\"font-weight: 400\">Tras 26 a\u00f1os de carrera docente, Todd Pinnell reflexiona sobre su etapa como educador agr\u00edcola y sobre c\u00f3mo le ha ido la vida.<\/span><span style=\"font-weight: 400\"><br \/>\n<\/span><span style=\"font-weight: 400\"><br \/>\n<\/span><span style=\"font-weight: 400\">Criado en Melrose, Nuevo M\u00e9xico, Pinnell se dedic\u00f3 a la ense\u00f1anza en Corona, House, y termin\u00f3 su carrera docente en Texico High School, en Texico, Nuevo M\u00e9xico.<\/span><\/p>\n<p><span style=\"font-weight: 400\">Pinnell ha regresado a Melrose y vive en el rancho familiar con su esposa.<\/span><span style=\"font-weight: 400\"><br \/>\n<\/span><span style=\"font-weight: 400\"><br \/>\n<\/span><span style=\"font-weight: 400\">\u00abMi padre y mi t\u00edo se dedican a la ganader\u00eda desde 1954\u00bb, dice Pinnell, \u00aby ahora que hemos vuelto al rancho familiar, puedo ayudar a mantener el amor de mi padre y mi t\u00edo por la agricultura\u00bb.<\/span><\/p>\n<p><span style=\"font-weight: 400\">Cuando se le pregunt\u00f3 qu\u00e9 sent\u00eda al entrar en el Sal\u00f3n de la Fama de la FFA, Pinnell comparti\u00f3 algunos pensamientos.<\/span><\/p>\n<div id=\"attachment_8623\" style=\"width: 1210px\" class=\"wp-caption alignnone\"><img loading=\"lazy\" decoding=\"async\" aria-describedby=\"caption-attachment-8623\" class=\"size-full wp-image-8623\" src=\"https:\/\/patternenergy.com\/wp-content\/uploads\/2023\/07\/daniel-and-micah.jpeg\" alt=\"\" width=\"1200\" height=\"900\"><p id=\"caption-attachment-8623\" class=\"wp-caption-text\">Micah (hija de Todd Pinnell) y su marido Daniel Edwards<\/p><\/div>\n<p><span style=\"font-weight: 400\">\u00abSabes\u00bb, dice con emoci\u00f3n en la voz, \u00abpractiqu\u00e9 varios deportes de ni\u00f1o y estuve en la FFA. Cuando jug\u00e1bamos contra otras escuelas en deportes, llev\u00e1bamos uniformes diferentes.<\/span><span style=\"font-weight: 400\"><br \/>\n<\/span><span style=\"font-weight: 400\"><br \/>\n<\/span><span style=\"font-weight: 400\">\u00abCuando hac\u00edamos cosas a trav\u00e9s de la FFA, todos llev\u00e1bamos el mismo uniforme porque todos formamos parte de la misma hermandad, nos cuidamos los unos a los otros, nos apoyamos mutuamente y nos ayudamos a tener \u00e9xito. La FFA fue el acontecimiento m\u00e1s importante de mi vida\u00bb.<\/span><\/p>\n<p><iframe title=\"Todd-Pinnell-final-1\" src=\"https:\/\/player.vimeo.com\/video\/861071671?h=508cd36fb0&amp;dnt=1&amp;app_id=122963\" width=\"500\" height=\"281\" frameborder=\"0\" allow=\"autoplay; fullscreen; picture-in-picture; clipboard-write; encrypted-media; web-share\" referrerpolicy=\"strict-origin-when-cross-origin\"><\/iframe><\/p>\n<p><span style=\"font-weight: 400\"><br \/>\n<\/span><span style=\"font-weight: 400\">Yendo m\u00e1s lejos, mencion\u00f3 a Storm Gerhart. \u00abEs un honor absoluto entrar hoy en el Sal\u00f3n de la Fama, pero tengo que mencionar a Storm Gerhart porque tuvo un gran impacto en m\u00ed\u00bb.<\/span><span style=\"font-weight: 400\"><br \/>\n<\/span><span style=\"font-weight: 400\"><br \/>\n<\/span><span style=\"font-weight: 400\">Pinnell hizo una pausa y mir\u00f3 a un lado mientras pensaba en lo que iba a decir. Lentamente, desvi\u00f3 la atenci\u00f3n de s\u00ed mismo al decir: \u00abSaber de la tormenta Gerhart es una cosa; en realidad&#8230;\u00bb.  <\/span><i><br \/>\n  <span style=\"font-weight: 400\">conocerlo <\/span><br \/>\n<\/i><span style=\"font-weight: 400\">es muy diferente.<\/span><\/p>\n<div id=\"attachment_8635\" style=\"width: 1210px\" class=\"wp-caption alignnone\"><img loading=\"lazy\" decoding=\"async\" aria-describedby=\"caption-attachment-8635\" class=\"size-full wp-image-8635\" src=\"https:\/\/patternenergy.com\/wp-content\/uploads\/2023\/07\/todd-with-award.jpeg\" alt=\"\" width=\"1200\" height=\"900\"><p id=\"caption-attachment-8635\" class=\"wp-caption-text\">Todd Pinnell y su familia lo celebran en el escenario<\/p><\/div>\n<p><span style=\"font-weight: 400\">\u00abStorm Gerhart fue una de mis inspiraciones para convertirme en profesor de Ag, y es estupendo ver que se le rinde homenaje\u00bb.<\/span><\/p>\n<p><span style=\"font-weight: 400\">Cuando Pinnell recordaba distintos momentos de su carrera, volv\u00eda una y otra vez a su fe y a su familia como las razones de su \u00e9xito profesional.<\/span><span style=\"font-weight: 400\"><br \/>\n<\/span><span style=\"font-weight: 400\"><br \/>\n<\/span><span style=\"font-weight: 400\">\u00abMi fe est\u00e1 arraigada en mis padres, que me demostraron su amor a Cristo, y\u00bb, empez\u00f3 sonriendo, \u00absiempre me gusta decir que se trata de Fe, Familia y Agricultura. Ya sabe&#8230; F, F, A\u00bb.<\/span><\/p>\n<p><iframe title=\"Mitchell-Pinnell-final-HD-1080p\" src=\"https:\/\/player.vimeo.com\/video\/861074267?h=301e97e8b7&amp;dnt=1&amp;app_id=122963\" width=\"500\" height=\"281\" frameborder=\"0\" allow=\"autoplay; fullscreen; picture-in-picture; clipboard-write; encrypted-media; web-share\" referrerpolicy=\"strict-origin-when-cross-origin\"><\/iframe><\/p>\n<p><span style=\"font-weight: 400\"><br \/>\n<\/span><span style=\"font-weight: 400\">Pinnell hablaba con cari\u00f1o de su esposa y de su extensa familia. \u00abElla (Shelli Pinnell) ha sido la fuerza y la base de nuestras vidas, y considero a mis suegros padres tambi\u00e9n. (La madre de Pinnell ha fallecido).<\/span><span style=\"font-weight: 400\"><br \/>\n<\/span><span style=\"font-weight: 400\"><br \/>\n<\/span><span style=\"font-weight: 400\">\u00abTodo gira en torno a la familia. Disfrutamos juntos de nuestras bendiciones, y hemos afrontado juntos los retos, y he tenido una vida bendecida por tener la familia que tengo.\u00bb<\/span><\/p>\n<p><iframe title=\"Caleb-Gustin-final-HD-1080p\" src=\"https:\/\/player.vimeo.com\/video\/861069233?h=cb7907e025&amp;dnt=1&amp;app_id=122963\" width=\"500\" height=\"281\" frameborder=\"0\" allow=\"autoplay; fullscreen; picture-in-picture; clipboard-write; encrypted-media; web-share\" referrerpolicy=\"strict-origin-when-cross-origin\"><\/iframe><\/p>\n<p><span style=\"font-weight: 400\"><br \/>\n<\/span><span style=\"font-weight: 400\">Pinnell estuvo acompa\u00f1ado por su esposa Shelli, sus hijas Morgan y Micah, su hijo Mitchell con su nieta Eden, su padre Tuff, sus suegros Ronnie y Glenna, y sus dos yernos Caleb y Daniel.<\/span><span style=\"font-weight: 400\"><br \/>\n<\/span><span style=\"font-weight: 400\"><br \/>\n<\/span><span style=\"font-weight: 400\">Cuando se le pregunt\u00f3 si hab\u00eda algo que llevarse de su carrera, o de su vida, Pinnell dijo sin dudarlo: \u00abMi oraci\u00f3n es que lo que cualquiera vea en m\u00ed, vea el amor que Cristo me mostr\u00f3, y c\u00f3mo eso impact\u00f3 tan positivamente en mi vida. Quiero que otros tambi\u00e9n conozcan su amor, y que sus vidas sean tan plenas como lo ha sido la m\u00eda\u00bb.<\/span><\/p>\n","protected":false},"excerpt":{"rendered":"<p>\u00bfQu\u00e9 convierte a alguien en leyenda? \u00bfCu\u00e1les son las cualidades y acciones de una persona que hacen que los dem\u00e1s la vean con respeto, admiraci\u00f3n y la consideren legendaria? Los Futuros Agricultores de Am\u00e9rica de Nuevo M\u00e9xico celebraron su Convenci\u00f3n Estatal del 31 de mayo al 2 de junio en el Centro de Convenciones de [&hellip;]<\/p>\n","protected":false},"author":1,"featured_media":111,"comment_status":"open","ping_status":"open","sticky":false,"template":"","format":"standard","meta":{"_acf_changed":false,"footnotes":""},"categories":[484,479,482],"tags":[500,483,501,476,503,517],"class_list":["post-3718","post","type-post","status-publish","format-standard","has-post-thumbnail","hentry","category-estados-unidos","category-historias-de-energia-patron","category-sin-categorizar","tag-educacion","tag-estados-unidos","tag-eventos-locales","tag-nuevo-mexico","tag-patrocinio","tag-poblacion-local"],"acf":[],"yoast_head":"<!-- This site is optimized with the Yoast SEO plugin v27.4 - https:\/\/yoast.com\/product\/yoast-seo-wordpress\/ -->\n<title>El Sal\u00f3n de la Fama de la FFA incorpora a Storm Gerhart y Todd Pinnell - Pattern Energy - New Mexico<\/title>\n<meta name=\"robots\" content=\"index, follow, max-snippet:-1, max-image-preview:large, max-video-preview:-1\" \/>\n<link rel=\"canonical\" href=\"https:\/\/patternenergynewmexico.com\/es\/el-salon-de-la-fama-de-la-ffa-incorpora-a-storm-gerhart-y-todd-pinnell\/\" \/>\n<meta property=\"og:locale\" content=\"es_ES\" \/>\n<meta property=\"og:type\" content=\"article\" \/>\n<meta property=\"og:title\" content=\"El Sal\u00f3n de la Fama de la FFA incorpora a Storm Gerhart y Todd Pinnell - Pattern Energy - New Mexico\" \/>\n<meta property=\"og:description\" content=\"\u00bfQu\u00e9 convierte a alguien en leyenda? \u00bfCu\u00e1les son las cualidades y acciones de una persona que hacen que los dem\u00e1s la vean con respeto, admiraci\u00f3n y la consideren legendaria? Los Futuros Agricultores de Am\u00e9rica de Nuevo M\u00e9xico celebraron su Convenci\u00f3n Estatal del 31 de mayo al 2 de junio en el Centro de Convenciones de [&hellip;]\" \/>\n<meta property=\"og:url\" content=\"https:\/\/patternenergynewmexico.com\/es\/el-salon-de-la-fama-de-la-ffa-incorpora-a-storm-gerhart-y-todd-pinnell\/\" \/>\n<meta property=\"og:site_name\" content=\"Pattern Energy - New Mexico\" \/>\n<meta property=\"article:publisher\" content=\"https:\/\/www.facebook.com\/PatternNewMexico\/\" \/>\n<meta property=\"article:published_time\" content=\"2023-07-31T23:14:36+00:00\" \/>\n<meta property=\"article:modified_time\" content=\"2026-02-19T10:31:06+00:00\" \/>\n<meta property=\"og:image\" content=\"https:\/\/patternenergynewmexico.com\/wp-content\/uploads\/2023\/07\/Gerhart-fam_use.jpeg\" \/>\n\t<meta property=\"og:image:width\" content=\"800\" \/>\n\t<meta property=\"og:image:height\" content=\"800\" \/>\n\t<meta property=\"og:image:type\" content=\"image\/jpeg\" \/>\n<meta name=\"author\" content=\"patterndev\" \/>\n<meta name=\"twitter:card\" content=\"summary_large_image\" \/>\n<meta name=\"twitter:label1\" content=\"Written by\" \/>\n\t<meta name=\"twitter:data1\" content=\"patterndev\" \/>\n\t<meta name=\"twitter:label2\" content=\"Est. reading time\" \/>\n\t<meta name=\"twitter:data2\" content=\"9 minutos\" \/>\n<script type=\"application\/ld+json\" class=\"yoast-schema-graph\">{\"@context\":\"https:\\\/\\\/schema.org\",\"@graph\":[{\"@type\":\"Article\",\"@id\":\"https:\\\/\\\/patternenergynewmexico.com\\\/es\\\/el-salon-de-la-fama-de-la-ffa-incorpora-a-storm-gerhart-y-todd-pinnell\\\/#article\",\"isPartOf\":{\"@id\":\"https:\\\/\\\/patternenergynewmexico.com\\\/es\\\/el-salon-de-la-fama-de-la-ffa-incorpora-a-storm-gerhart-y-todd-pinnell\\\/\"},\"author\":{\"name\":\"patterndev\",\"@id\":\"https:\\\/\\\/patternenergynewmexico.com\\\/es\\\/#\\\/schema\\\/person\\\/8991184615feb0f6ae3ef30579e8a048\"},\"headline\":\"El Sal\u00f3n de la Fama de la FFA incorpora a Storm Gerhart y Todd Pinnell\",\"datePublished\":\"2023-07-31T23:14:36+00:00\",\"dateModified\":\"2026-02-19T10:31:06+00:00\",\"mainEntityOfPage\":{\"@id\":\"https:\\\/\\\/patternenergynewmexico.com\\\/es\\\/el-salon-de-la-fama-de-la-ffa-incorpora-a-storm-gerhart-y-todd-pinnell\\\/\"},\"wordCount\":1716,\"commentCount\":0,\"publisher\":{\"@id\":\"https:\\\/\\\/patternenergynewmexico.com\\\/es\\\/#organization\"},\"image\":{\"@id\":\"https:\\\/\\\/patternenergynewmexico.com\\\/es\\\/el-salon-de-la-fama-de-la-ffa-incorpora-a-storm-gerhart-y-todd-pinnell\\\/#primaryimage\"},\"thumbnailUrl\":\"https:\\\/\\\/patternenergynewmexico.com\\\/wp-content\\\/uploads\\\/2023\\\/07\\\/Gerhart-fam_use.jpeg\",\"keywords\":[\"Educaci\u00f3n\",\"Estados Unidos\",\"Eventos locales\",\"Nuevo M\u00e9xico\",\"patrocinio\",\"Poblaci\u00f3n local\"],\"articleSection\":[\"Estados Unidos\",\"Historias de Energ\u00eda Patr\u00f3n\",\"Sin categorizar\"],\"inLanguage\":\"es\",\"potentialAction\":[{\"@type\":\"CommentAction\",\"name\":\"Comment\",\"target\":[\"https:\\\/\\\/patternenergynewmexico.com\\\/es\\\/el-salon-de-la-fama-de-la-ffa-incorpora-a-storm-gerhart-y-todd-pinnell\\\/#respond\"]}]},{\"@type\":\"WebPage\",\"@id\":\"https:\\\/\\\/patternenergynewmexico.com\\\/es\\\/el-salon-de-la-fama-de-la-ffa-incorpora-a-storm-gerhart-y-todd-pinnell\\\/\",\"url\":\"https:\\\/\\\/patternenergynewmexico.com\\\/es\\\/el-salon-de-la-fama-de-la-ffa-incorpora-a-storm-gerhart-y-todd-pinnell\\\/\",\"name\":\"El Sal\u00f3n de la Fama de la FFA incorpora a Storm Gerhart y Todd Pinnell - Pattern Energy - New Mexico\",\"isPartOf\":{\"@id\":\"https:\\\/\\\/patternenergynewmexico.com\\\/es\\\/#website\"},\"primaryImageOfPage\":{\"@id\":\"https:\\\/\\\/patternenergynewmexico.com\\\/es\\\/el-salon-de-la-fama-de-la-ffa-incorpora-a-storm-gerhart-y-todd-pinnell\\\/#primaryimage\"},\"image\":{\"@id\":\"https:\\\/\\\/patternenergynewmexico.com\\\/es\\\/el-salon-de-la-fama-de-la-ffa-incorpora-a-storm-gerhart-y-todd-pinnell\\\/#primaryimage\"},\"thumbnailUrl\":\"https:\\\/\\\/patternenergynewmexico.com\\\/wp-content\\\/uploads\\\/2023\\\/07\\\/Gerhart-fam_use.jpeg\",\"datePublished\":\"2023-07-31T23:14:36+00:00\",\"dateModified\":\"2026-02-19T10:31:06+00:00\",\"breadcrumb\":{\"@id\":\"https:\\\/\\\/patternenergynewmexico.com\\\/es\\\/el-salon-de-la-fama-de-la-ffa-incorpora-a-storm-gerhart-y-todd-pinnell\\\/#breadcrumb\"},\"inLanguage\":\"es\",\"potentialAction\":[{\"@type\":\"ReadAction\",\"target\":[\"https:\\\/\\\/patternenergynewmexico.com\\\/es\\\/el-salon-de-la-fama-de-la-ffa-incorpora-a-storm-gerhart-y-todd-pinnell\\\/\"]}]},{\"@type\":\"ImageObject\",\"inLanguage\":\"es\",\"@id\":\"https:\\\/\\\/patternenergynewmexico.com\\\/es\\\/el-salon-de-la-fama-de-la-ffa-incorpora-a-storm-gerhart-y-todd-pinnell\\\/#primaryimage\",\"url\":\"https:\\\/\\\/patternenergynewmexico.com\\\/wp-content\\\/uploads\\\/2023\\\/07\\\/Gerhart-fam_use.jpeg\",\"contentUrl\":\"https:\\\/\\\/patternenergynewmexico.com\\\/wp-content\\\/uploads\\\/2023\\\/07\\\/Gerhart-fam_use.jpeg\",\"width\":800,\"height\":800},{\"@type\":\"BreadcrumbList\",\"@id\":\"https:\\\/\\\/patternenergynewmexico.com\\\/es\\\/el-salon-de-la-fama-de-la-ffa-incorpora-a-storm-gerhart-y-todd-pinnell\\\/#breadcrumb\",\"itemListElement\":[{\"@type\":\"ListItem\",\"position\":1,\"name\":\"Home\",\"item\":\"https:\\\/\\\/patternenergynewmexico.com\\\/es\\\/\"},{\"@type\":\"ListItem\",\"position\":2,\"name\":\"El Sal\u00f3n de la Fama de la FFA incorpora a Storm Gerhart y Todd Pinnell\"}]},{\"@type\":\"WebSite\",\"@id\":\"https:\\\/\\\/patternenergynewmexico.com\\\/es\\\/#website\",\"url\":\"https:\\\/\\\/patternenergynewmexico.com\\\/es\\\/\",\"name\":\"Pattern Energy - New Mexico\",\"description\":\"An American company committed to New Mexico\",\"publisher\":{\"@id\":\"https:\\\/\\\/patternenergynewmexico.com\\\/es\\\/#organization\"},\"potentialAction\":[{\"@type\":\"SearchAction\",\"target\":{\"@type\":\"EntryPoint\",\"urlTemplate\":\"https:\\\/\\\/patternenergynewmexico.com\\\/es\\\/?s={search_term_string}\"},\"query-input\":{\"@type\":\"PropertyValueSpecification\",\"valueRequired\":true,\"valueName\":\"search_term_string\"}}],\"inLanguage\":\"es\"},{\"@type\":\"Organization\",\"@id\":\"https:\\\/\\\/patternenergynewmexico.com\\\/es\\\/#organization\",\"name\":\"Pattern Energy - New Mexico\",\"url\":\"https:\\\/\\\/patternenergynewmexico.com\\\/es\\\/\",\"logo\":{\"@type\":\"ImageObject\",\"inLanguage\":\"es\",\"@id\":\"https:\\\/\\\/patternenergynewmexico.com\\\/es\\\/#\\\/schema\\\/logo\\\/image\\\/\",\"url\":\"https:\\\/\\\/patternenergynewmexico.com\\\/wp-content\\\/uploads\\\/2025\\\/09\\\/share-nm.jpg\",\"contentUrl\":\"https:\\\/\\\/patternenergynewmexico.com\\\/wp-content\\\/uploads\\\/2025\\\/09\\\/share-nm.jpg\",\"width\":1200,\"height\":627,\"caption\":\"Pattern Energy - New Mexico\"},\"image\":{\"@id\":\"https:\\\/\\\/patternenergynewmexico.com\\\/es\\\/#\\\/schema\\\/logo\\\/image\\\/\"},\"sameAs\":[\"https:\\\/\\\/www.facebook.com\\\/PatternNewMexico\\\/\",\"https:\\\/\\\/www.instagram.com\\\/pattern_newmexico\\\/\",\"https:\\\/\\\/web.cauze.com\\\/company\\\/293\"]},{\"@type\":\"Person\",\"@id\":\"https:\\\/\\\/patternenergynewmexico.com\\\/es\\\/#\\\/schema\\\/person\\\/8991184615feb0f6ae3ef30579e8a048\",\"name\":\"patterndev\",\"image\":{\"@type\":\"ImageObject\",\"inLanguage\":\"es\",\"@id\":\"https:\\\/\\\/secure.gravatar.com\\\/avatar\\\/ef4f52db0d239637fc23bcd8dcb7c975e95b8b16f80c234e9b204c1d35b29c81?s=96&d=mm&r=g\",\"url\":\"https:\\\/\\\/secure.gravatar.com\\\/avatar\\\/ef4f52db0d239637fc23bcd8dcb7c975e95b8b16f80c234e9b204c1d35b29c81?s=96&d=mm&r=g\",\"contentUrl\":\"https:\\\/\\\/secure.gravatar.com\\\/avatar\\\/ef4f52db0d239637fc23bcd8dcb7c975e95b8b16f80c234e9b204c1d35b29c81?s=96&d=mm&r=g\",\"caption\":\"patterndev\"},\"sameAs\":[\"https:\\\/\\\/patternenergynewmexico.com\"],\"url\":\"https:\\\/\\\/patternenergynewmexico.com\\\/es\\\/author\\\/patterndev\\\/\"}]}<\/script>\n<!-- \/ Yoast SEO plugin. -->","yoast_head_json":{"title":"El Sal\u00f3n de la Fama de la FFA incorpora a Storm Gerhart y Todd Pinnell - Pattern Energy - New Mexico","robots":{"index":"index","follow":"follow","max-snippet":"max-snippet:-1","max-image-preview":"max-image-preview:large","max-video-preview":"max-video-preview:-1"},"canonical":"https:\/\/patternenergynewmexico.com\/es\/el-salon-de-la-fama-de-la-ffa-incorpora-a-storm-gerhart-y-todd-pinnell\/","og_locale":"es_ES","og_type":"article","og_title":"El Sal\u00f3n de la Fama de la FFA incorpora a Storm Gerhart y Todd Pinnell - Pattern Energy - New Mexico","og_description":"\u00bfQu\u00e9 convierte a alguien en leyenda? \u00bfCu\u00e1les son las cualidades y acciones de una persona que hacen que los dem\u00e1s la vean con respeto, admiraci\u00f3n y la consideren legendaria? Los Futuros Agricultores de Am\u00e9rica de Nuevo M\u00e9xico celebraron su Convenci\u00f3n Estatal del 31 de mayo al 2 de junio en el Centro de Convenciones de [&hellip;]","og_url":"https:\/\/patternenergynewmexico.com\/es\/el-salon-de-la-fama-de-la-ffa-incorpora-a-storm-gerhart-y-todd-pinnell\/","og_site_name":"Pattern Energy - New Mexico","article_publisher":"https:\/\/www.facebook.com\/PatternNewMexico\/","article_published_time":"2023-07-31T23:14:36+00:00","article_modified_time":"2026-02-19T10:31:06+00:00","og_image":[{"width":800,"height":800,"url":"https:\/\/patternenergynewmexico.com\/wp-content\/uploads\/2023\/07\/Gerhart-fam_use.jpeg","type":"image\/jpeg"}],"author":"patterndev","twitter_card":"summary_large_image","twitter_misc":{"Written by":"patterndev","Est. reading time":"9 minutos"},"schema":{"@context":"https:\/\/schema.org","@graph":[{"@type":"Article","@id":"https:\/\/patternenergynewmexico.com\/es\/el-salon-de-la-fama-de-la-ffa-incorpora-a-storm-gerhart-y-todd-pinnell\/#article","isPartOf":{"@id":"https:\/\/patternenergynewmexico.com\/es\/el-salon-de-la-fama-de-la-ffa-incorpora-a-storm-gerhart-y-todd-pinnell\/"},"author":{"name":"patterndev","@id":"https:\/\/patternenergynewmexico.com\/es\/#\/schema\/person\/8991184615feb0f6ae3ef30579e8a048"},"headline":"El Sal\u00f3n de la Fama de la FFA incorpora a Storm Gerhart y Todd Pinnell","datePublished":"2023-07-31T23:14:36+00:00","dateModified":"2026-02-19T10:31:06+00:00","mainEntityOfPage":{"@id":"https:\/\/patternenergynewmexico.com\/es\/el-salon-de-la-fama-de-la-ffa-incorpora-a-storm-gerhart-y-todd-pinnell\/"},"wordCount":1716,"commentCount":0,"publisher":{"@id":"https:\/\/patternenergynewmexico.com\/es\/#organization"},"image":{"@id":"https:\/\/patternenergynewmexico.com\/es\/el-salon-de-la-fama-de-la-ffa-incorpora-a-storm-gerhart-y-todd-pinnell\/#primaryimage"},"thumbnailUrl":"https:\/\/patternenergynewmexico.com\/wp-content\/uploads\/2023\/07\/Gerhart-fam_use.jpeg","keywords":["Educaci\u00f3n","Estados Unidos","Eventos locales","Nuevo M\u00e9xico","patrocinio","Poblaci\u00f3n local"],"articleSection":["Estados Unidos","Historias de Energ\u00eda Patr\u00f3n","Sin categorizar"],"inLanguage":"es","potentialAction":[{"@type":"CommentAction","name":"Comment","target":["https:\/\/patternenergynewmexico.com\/es\/el-salon-de-la-fama-de-la-ffa-incorpora-a-storm-gerhart-y-todd-pinnell\/#respond"]}]},{"@type":"WebPage","@id":"https:\/\/patternenergynewmexico.com\/es\/el-salon-de-la-fama-de-la-ffa-incorpora-a-storm-gerhart-y-todd-pinnell\/","url":"https:\/\/patternenergynewmexico.com\/es\/el-salon-de-la-fama-de-la-ffa-incorpora-a-storm-gerhart-y-todd-pinnell\/","name":"El Sal\u00f3n de la Fama de la FFA incorpora a Storm Gerhart y Todd Pinnell - Pattern Energy - New Mexico","isPartOf":{"@id":"https:\/\/patternenergynewmexico.com\/es\/#website"},"primaryImageOfPage":{"@id":"https:\/\/patternenergynewmexico.com\/es\/el-salon-de-la-fama-de-la-ffa-incorpora-a-storm-gerhart-y-todd-pinnell\/#primaryimage"},"image":{"@id":"https:\/\/patternenergynewmexico.com\/es\/el-salon-de-la-fama-de-la-ffa-incorpora-a-storm-gerhart-y-todd-pinnell\/#primaryimage"},"thumbnailUrl":"https:\/\/patternenergynewmexico.com\/wp-content\/uploads\/2023\/07\/Gerhart-fam_use.jpeg","datePublished":"2023-07-31T23:14:36+00:00","dateModified":"2026-02-19T10:31:06+00:00","breadcrumb":{"@id":"https:\/\/patternenergynewmexico.com\/es\/el-salon-de-la-fama-de-la-ffa-incorpora-a-storm-gerhart-y-todd-pinnell\/#breadcrumb"},"inLanguage":"es","potentialAction":[{"@type":"ReadAction","target":["https:\/\/patternenergynewmexico.com\/es\/el-salon-de-la-fama-de-la-ffa-incorpora-a-storm-gerhart-y-todd-pinnell\/"]}]},{"@type":"ImageObject","inLanguage":"es","@id":"https:\/\/patternenergynewmexico.com\/es\/el-salon-de-la-fama-de-la-ffa-incorpora-a-storm-gerhart-y-todd-pinnell\/#primaryimage","url":"https:\/\/patternenergynewmexico.com\/wp-content\/uploads\/2023\/07\/Gerhart-fam_use.jpeg","contentUrl":"https:\/\/patternenergynewmexico.com\/wp-content\/uploads\/2023\/07\/Gerhart-fam_use.jpeg","width":800,"height":800},{"@type":"BreadcrumbList","@id":"https:\/\/patternenergynewmexico.com\/es\/el-salon-de-la-fama-de-la-ffa-incorpora-a-storm-gerhart-y-todd-pinnell\/#breadcrumb","itemListElement":[{"@type":"ListItem","position":1,"name":"Home","item":"https:\/\/patternenergynewmexico.com\/es\/"},{"@type":"ListItem","position":2,"name":"El Sal\u00f3n de la Fama de la FFA incorpora a Storm Gerhart y Todd Pinnell"}]},{"@type":"WebSite","@id":"https:\/\/patternenergynewmexico.com\/es\/#website","url":"https:\/\/patternenergynewmexico.com\/es\/","name":"Pattern Energy - New Mexico","description":"An American company committed to New Mexico","publisher":{"@id":"https:\/\/patternenergynewmexico.com\/es\/#organization"},"potentialAction":[{"@type":"SearchAction","target":{"@type":"EntryPoint","urlTemplate":"https:\/\/patternenergynewmexico.com\/es\/?s={search_term_string}"},"query-input":{"@type":"PropertyValueSpecification","valueRequired":true,"valueName":"search_term_string"}}],"inLanguage":"es"},{"@type":"Organization","@id":"https:\/\/patternenergynewmexico.com\/es\/#organization","name":"Pattern Energy - New Mexico","url":"https:\/\/patternenergynewmexico.com\/es\/","logo":{"@type":"ImageObject","inLanguage":"es","@id":"https:\/\/patternenergynewmexico.com\/es\/#\/schema\/logo\/image\/","url":"https:\/\/patternenergynewmexico.com\/wp-content\/uploads\/2025\/09\/share-nm.jpg","contentUrl":"https:\/\/patternenergynewmexico.com\/wp-content\/uploads\/2025\/09\/share-nm.jpg","width":1200,"height":627,"caption":"Pattern Energy - New Mexico"},"image":{"@id":"https:\/\/patternenergynewmexico.com\/es\/#\/schema\/logo\/image\/"},"sameAs":["https:\/\/www.facebook.com\/PatternNewMexico\/","https:\/\/www.instagram.com\/pattern_newmexico\/","https:\/\/web.cauze.com\/company\/293"]},{"@type":"Person","@id":"https:\/\/patternenergynewmexico.com\/es\/#\/schema\/person\/8991184615feb0f6ae3ef30579e8a048","name":"patterndev","image":{"@type":"ImageObject","inLanguage":"es","@id":"https:\/\/secure.gravatar.com\/avatar\/ef4f52db0d239637fc23bcd8dcb7c975e95b8b16f80c234e9b204c1d35b29c81?s=96&d=mm&r=g","url":"https:\/\/secure.gravatar.com\/avatar\/ef4f52db0d239637fc23bcd8dcb7c975e95b8b16f80c234e9b204c1d35b29c81?s=96&d=mm&r=g","contentUrl":"https:\/\/secure.gravatar.com\/avatar\/ef4f52db0d239637fc23bcd8dcb7c975e95b8b16f80c234e9b204c1d35b29c81?s=96&d=mm&r=g","caption":"patterndev"},"sameAs":["https:\/\/patternenergynewmexico.com"],"url":"https:\/\/patternenergynewmexico.com\/es\/author\/patterndev\/"}]}},"_links":{"self":[{"href":"https:\/\/patternenergynewmexico.com\/es\/wp-json\/wp\/v2\/posts\/3718","targetHints":{"allow":["GET"]}}],"collection":[{"href":"https:\/\/patternenergynewmexico.com\/es\/wp-json\/wp\/v2\/posts"}],"about":[{"href":"https:\/\/patternenergynewmexico.com\/es\/wp-json\/wp\/v2\/types\/post"}],"author":[{"embeddable":true,"href":"https:\/\/patternenergynewmexico.com\/es\/wp-json\/wp\/v2\/users\/1"}],"replies":[{"embeddable":true,"href":"https:\/\/patternenergynewmexico.com\/es\/wp-json\/wp\/v2\/comments?post=3718"}],"version-history":[{"count":0,"href":"https:\/\/patternenergynewmexico.com\/es\/wp-json\/wp\/v2\/posts\/3718\/revisions"}],"wp:featuredmedia":[{"embeddable":true,"href":"https:\/\/patternenergynewmexico.com\/es\/wp-json\/wp\/v2\/media\/111"}],"wp:attachment":[{"href":"https:\/\/patternenergynewmexico.com\/es\/wp-json\/wp\/v2\/media?parent=3718"}],"wp:term":[{"taxonomy":"category","embeddable":true,"href":"https:\/\/patternenergynewmexico.com\/es\/wp-json\/wp\/v2\/categories?post=3718"},{"taxonomy":"post_tag","embeddable":true,"href":"https:\/\/patternenergynewmexico.com\/es\/wp-json\/wp\/v2\/tags?post=3718"}],"curies":[{"name":"wp","href":"https:\/\/api.w.org\/{rel}","templated":true}]}}